{"id":255270,"date":"2015-02-14T21:58:49","date_gmt":"2015-02-14T21:58:49","guid":{"rendered":"http:\/\/diariodominicano.ddns.net\/?p=255270"},"modified":"2015-02-14T21:58:49","modified_gmt":"2015-02-14T21:58:49","slug":"miles-de-espanoles-protestan-contra-la-denominada-ley-mordaza","status":"publish","type":"post","link":"https:\/\/diariodominicano.com\/?p=255270","title":{"rendered":"Miles de espa\u00f1oles protestan contra la denominada ley mordaza"},"content":{"rendered":"<p><body><\/p>\n<p><img decoding=\"async\" src=\"img3\/ley-mordaza.jpg\" \/>  <\/p>\n<p><span class=\"text1noticias\">Madrid, 14 feb (PL) Miles de personas protestaron hoy en Madrid y otras ciudades espa\u00f1olas contra una ley de seguridad ciudadana que sus cr\u00edticos consideran pretende cercenar derechos al endurecer penas contra quienes se oponen a la pol\u00edtica oficial.<\/span><\/p>\n<p><span class=\"text1noticias\"> <\/span><\/p>\n<p><span class=\"text1noticias\">Con reclamos contra la que es denominada ley mordaza por sus opositores, las manifestaciones recorrieron las principales calles de unas 20 ciudades en cumplimiento de una convocatoria de la plataforma No somos delito, que agrupa partidos y organizaciones ciudadanas.<\/span><\/p>\n<p><span class=\"text1noticias\"> <\/span><\/p>\n<p><span class=\"text1noticias\">Seg\u00fan reportes de medios regionales, las protestas se registraron tambi\u00e9n en Bilbao, Santiago de Compostela, Palma, Alicante, entre otras poblaciones, y tuvieron r\u00e9plicas en el extranjero en ciudades como Par\u00eds y Estrasburgo.<\/span><\/p>\n<p><span class=\"text1noticias\"> <\/span><\/p>\n<p><span class=\"text1noticias\">Los opositores de la legislaci\u00f3n apoyada en solitario por el gobernante Partido Popular (PP) estiman que con ella se busca hacer callar las voces de protesta de los sectores m\u00e1s afectados por la pol\u00edtica de recortes sociales aplicada por las autoridades.<\/span><\/p>\n<p><span class=\"text1noticias\"> <\/span><\/p>\n<p><span class=\"text1noticias\">Seg\u00fan un estudio de la plataforma No somos delito la ley cuenta apenas con el apoyo del siete por ciento de la poblaci\u00f3n, mientras una decena de partido firm\u00f3 un pacto para derogarla cuando cambie la correlaci\u00f3n pol\u00edtica.<\/span><\/p>\n<p><span class=\"text1noticias\"> <\/span><\/p>\n<p><span class=\"text1noticias\">La mayor\u00eda de las encuestas auguran que el PP perder\u00e1 la mayor\u00eda absoluta de que goza en el parlamento en los comicios generales a ser convocados para fines de a\u00f1o.<\/span><\/p>\n<p><span class=\"text1noticias\"> <\/span><\/p>\n<p><span class=\"text1noticias\">Esa posici\u00f3n cuenta con el respaldo de Izquierda Unida, Podemos, Esquerra Republicana de Catalu\u00f1a, Partido Nacionalista Vasco, Amaiur, Equo-Comprom\u00eds, Bloque Nacionalista Gallego, Nueva Canarias y la coalici\u00f3n Gero<\/span>a Bai.<\/p>\n<h6> 2015-02-14 21:58:49 <\/h6>\n<p><!--\n<link rel=\"stylesheet\" href=\"css\/bootstrap.min.css\">\n\n\n<ul class=\"pagination\">\n\t    \n\t\n\n<li >\n\t<a href='?page_no=24914'>Previous<\/a>\n\t<\/li>\n\n\n       \n    \n\n<li><a href='?page_no=1'>1<\/a><\/li>\n\n\n\n<li><a href='?page_no=2'>2<\/a><\/li>\n\n\n\n<li><a>...<\/a><\/li>\n\n\n\n<li><a href='?page_no=24913'>24913<\/a><\/li>\n\n\n\n<li><a href='?page_no=24914'>24914<\/a><\/li>\n\n\n\n<li class='active'><a>24915<\/a><\/li>\n\n\n\n<li><a href='?page_no=24916'>24916<\/a><\/li>\n\n\n\n<li><a href='?page_no=24917'>24917<\/a><\/li>\n\n\n\n<li><a>...<\/a><\/li>\n\n\n\n<li><a href='?page_no=51012'>51012<\/a><\/li>\n\n\n\n<li><a href='?page_no=51013'>51013<\/a><\/li>\n\n    \n\t\n\n<li >\n\t<a href='?page_no=24916'>Next<\/a>\n\t<\/li>\n\n\n    \n\n<li><a href='?page_no=51013'>Last &rsaquo;&rsaquo;<\/a><\/li>\n\n<\/ul>\n\n\n--><br \/>\n<\/body><\/p>\n","protected":false},"excerpt":{"rendered":"<p>Madrid, 14 feb (PL) Miles de personas protestaron hoy en Madrid y otras ciudades espa\u00f1olas contra una ley de seguridad ciudadana que sus cr\u00edticos consideran pretende cercenar derechos al endurecer penas contra quienes se oponen a la pol\u00edtica oficial. Con reclamos contra la que es denominada ley mordaza por sus opositores, las manifestaciones recorrieron las [&hellip;]<\/p>\n","protected":false},"author":3,"featured_media":0,"comment_status":"open","ping_status":"open","sticky":false,"template":"","format":"standard","meta":{"footnotes":""},"categories":[23],"tags":[],"class_list":["post-255270","post","type-post","status-publish","format-standard","hentry","category-internacional"],"_links":{"self":[{"href":"https:\/\/diariodominicano.com\/index.php?rest_route=\/wp\/v2\/posts\/255270","targetHints":{"allow":["GET"]}}],"collection":[{"href":"https:\/\/diariodominicano.com\/index.php?rest_route=\/wp\/v2\/posts"}],"about":[{"href":"https:\/\/diariodominicano.com\/index.php?rest_route=\/wp\/v2\/types\/post"}],"author":[{"embeddable":true,"href":"https:\/\/diariodominicano.com\/index.php?rest_route=\/wp\/v2\/users\/3"}],"replies":[{"embeddable":true,"href":"https:\/\/diariodominicano.com\/index.php?rest_route=%2Fwp%2Fv2%2Fcomments&post=255270"}],"version-history":[{"count":0,"href":"https:\/\/diariodominicano.com\/index.php?rest_route=\/wp\/v2\/posts\/255270\/revisions"}],"wp:attachment":[{"href":"https:\/\/diariodominicano.com\/index.php?rest_route=%2Fwp%2Fv2%2Fmedia&parent=255270"}],"wp:term":[{"taxonomy":"category","embeddable":true,"href":"https:\/\/diariodominicano.com\/index.php?rest_route=%2Fwp%2Fv2%2Fcategories&post=255270"},{"taxonomy":"post_tag","embeddable":true,"href":"https:\/\/diariodominicano.com\/index.php?rest_route=%2Fwp%2Fv2%2Ftags&post=255270"}],"curies":[{"name":"wp","href":"https:\/\/api.w.org\/{rel}","templated":true}]}}