{"id":255269,"date":"2015-02-14T22:07:46","date_gmt":"2015-02-14T22:07:46","guid":{"rendered":"http:\/\/diariodominicano.ddns.net\/?p=255269"},"modified":"2015-02-14T22:07:46","modified_gmt":"2015-02-14T22:07:46","slug":"obama-pide-respaldo-para-reformar-sistema-educativo-de-ee-uu","status":"publish","type":"post","link":"https:\/\/diariodominicano.com\/?p=255269","title":{"rendered":"Obama pide respaldo para reformar sistema educativo de EE.UU"},"content":{"rendered":"<p><body><\/p>\n<p><img decoding=\"async\" src=\"img3\/barack_obama.jpg\" \/>  <\/p>\n<p><span class=\"text1noticias\">Washington, 14 feb (PL) El presidente de Estados Unidos, Barack Obama, pidi\u00f3 hoy al Congreso nuevas legislaciones que permitan reformar el sistema educativo del pa\u00eds e incrementar la inversi\u00f3n en el nivel preescolar.<\/span><\/p>\n<p><span class=\"text1noticias\"> <\/span><\/p>\n<p><span class=\"text1noticias\">Durante su habitual discurso sabatino por radio e Internet, el mandatario exhort\u00f3 a los legisladores a modificar el programa educativo \u00abQue ning\u00fan ni\u00f1o se quede atr\u00e1s\u00bb y reducir la cantidad de ex\u00e1menes estandarizados, una iniciativa con un amplio rechazo entre los sindicatos de educadores.<\/span><\/p>\n<p><span class=\"text1noticias\"> <\/span><\/p>\n<p><span class=\"text1noticias\">Durante d\u00e9cadas nos hemos gastado el dinero en educaci\u00f3n sin asegurarnos primero de que nuestras escuelas realmente iban mejorando, ni si los maestros ten\u00edan las herramientas necesarias para su trabajo (&#8230;) y nuestros hijos a menudo pagaban las consecuencias, se\u00f1al\u00f3.<\/span><\/p>\n<p><span class=\"text1noticias\"> <\/span><\/p>\n<p><span class=\"text1noticias\">En este sentido, abog\u00f3 por ofrecer a cada menor una oportunidad justa para estudiar.<\/span><\/p>\n<p><span class=\"text1noticias\"> <\/span><\/p>\n<p><span class=\"text1noticias\">Critic\u00f3 a los republicanos por promover pol\u00edticas dirigidas al recorte de fondos para los centros educacionales y atentar contra su reforma educativa.<\/span><\/p>\n<p><span class=\"text1noticias\"> <\/span><\/p>\n<p><span class=\"text1noticias\">Cuando lo que deber\u00edamos hacer es invertir m\u00e1s en nuestros hijos, el plan que proponen (los conservadores) provocar\u00eda recortes en las escuelas que ser\u00edan permanentes durante el resto de esta d\u00e9cada. De hecho, significa que invertir\u00edamos menos en 2021 de lo que invertimos en 2012, advirti\u00f3.<\/span><\/p>\n<p><span class=\"text1noticias\"> <\/span><\/p>\n<p><span class=\"text1noticias\">Obama mostr\u00f3 su disposici\u00f3n a trabajar con el Congreso para elaborar \u00abuna ley m\u00e1s inteligente, que invierta m\u00e1s en los a\u00f1os de preescolar y que le ofrezca una oportunidad a todos los ni\u00f1os\u00bb.<\/span><\/p>\n<p><span class=\"text1noticias\"> <\/span><\/p>\n<p><span class=\"text1noticias\">Negar una educaci\u00f3n de calidad a los ni\u00f1os de familias trabajadoras es tan equivocado como negarles la asistencia de salud, recalc\u00f3 el el mandatario, quien desde el discurso sobre el Estado de la Uni\u00f3n, en enero, insiste en medidas de beneficio para la clase media.<\/span><\/p>\n<p><span class=\"text1noticias\"> <\/span><\/p>\n<p><span class=\"text1noticias\">En el mundo de hoy, tenemos que dotar a nuestros hijos de una educaci\u00f3n que los prepare para el \u00e9xito, independientemente de su aspecto, el salario de sus padres o del lugar donde vivan, <\/span>asever\u00f3.<\/p>\n<h6> 2015-02-14 22:07:46 <\/h6>\n<p><!--\n<link rel=\"stylesheet\" href=\"css\/bootstrap.min.css\">\n\n\n<ul class=\"pagination\">\n\t    \n\t\n\n<li >\n\t<a href='?page_no=24913'>Previous<\/a>\n\t<\/li>\n\n\n       \n    \n\n<li><a href='?page_no=1'>1<\/a><\/li>\n\n\n\n<li><a href='?page_no=2'>2<\/a><\/li>\n\n\n\n<li><a>...<\/a><\/li>\n\n\n\n<li><a href='?page_no=24912'>24912<\/a><\/li>\n\n\n\n<li><a href='?page_no=24913'>24913<\/a><\/li>\n\n\n\n<li class='active'><a>24914<\/a><\/li>\n\n\n\n<li><a href='?page_no=24915'>24915<\/a><\/li>\n\n\n\n<li><a href='?page_no=24916'>24916<\/a><\/li>\n\n\n\n<li><a>...<\/a><\/li>\n\n\n\n<li><a href='?page_no=51012'>51012<\/a><\/li>\n\n\n\n<li><a href='?page_no=51013'>51013<\/a><\/li>\n\n    \n\t\n\n<li >\n\t<a href='?page_no=24915'>Next<\/a>\n\t<\/li>\n\n\n    \n\n<li><a href='?page_no=51013'>Last &rsaquo;&rsaquo;<\/a><\/li>\n\n<\/ul>\n\n\n--><br \/>\n<\/body><\/p>\n","protected":false},"excerpt":{"rendered":"<p>Washington, 14 feb (PL) El presidente de Estados Unidos, Barack Obama, pidi\u00f3 hoy al Congreso nuevas legislaciones que permitan reformar el sistema educativo del pa\u00eds e incrementar la inversi\u00f3n en el nivel preescolar. Durante su habitual discurso sabatino por radio e Internet, el mandatario exhort\u00f3 a los legisladores a modificar el programa educativo \u00abQue ning\u00fan [&hellip;]<\/p>\n","protected":false},"author":3,"featured_media":0,"comment_status":"open","ping_status":"open","sticky":false,"template":"","format":"standard","meta":{"footnotes":""},"categories":[23],"tags":[],"class_list":["post-255269","post","type-post","status-publish","format-standard","hentry","category-internacional"],"_links":{"self":[{"href":"https:\/\/diariodominicano.com\/index.php?rest_route=\/wp\/v2\/posts\/255269","targetHints":{"allow":["GET"]}}],"collection":[{"href":"https:\/\/diariodominicano.com\/index.php?rest_route=\/wp\/v2\/posts"}],"about":[{"href":"https:\/\/diariodominicano.com\/index.php?rest_route=\/wp\/v2\/types\/post"}],"author":[{"embeddable":true,"href":"https:\/\/diariodominicano.com\/index.php?rest_route=\/wp\/v2\/users\/3"}],"replies":[{"embeddable":true,"href":"https:\/\/diariodominicano.com\/index.php?rest_route=%2Fwp%2Fv2%2Fcomments&post=255269"}],"version-history":[{"count":0,"href":"https:\/\/diariodominicano.com\/index.php?rest_route=\/wp\/v2\/posts\/255269\/revisions"}],"wp:attachment":[{"href":"https:\/\/diariodominicano.com\/index.php?rest_route=%2Fwp%2Fv2%2Fmedia&parent=255269"}],"wp:term":[{"taxonomy":"category","embeddable":true,"href":"https:\/\/diariodominicano.com\/index.php?rest_route=%2Fwp%2Fv2%2Fcategories&post=255269"},{"taxonomy":"post_tag","embeddable":true,"href":"https:\/\/diariodominicano.com\/index.php?rest_route=%2Fwp%2Fv2%2Ftags&post=255269"}],"curies":[{"name":"wp","href":"https:\/\/api.w.org\/{rel}","templated":true}]}}