{"id":255265,"date":"2015-02-15T13:50:11","date_gmt":"2015-02-15T13:50:11","guid":{"rendered":"http:\/\/diariodominicano.ddns.net\/?p=255265"},"modified":"2015-02-15T13:50:11","modified_gmt":"2015-02-15T13:50:11","slug":"raul-castro-se-reune-con-el-ministro-de-defensa-de-rusia-en-la-habana","status":"publish","type":"post","link":"https:\/\/diariodominicano.com\/?p=255265","title":{"rendered":"Ra\u00fal Castro se re\u00fane con el ministro de Defensa de Rusia en La Habana"},"content":{"rendered":"<p><body><\/p>\n<p><img decoding=\"async\" src=\"img3\/raul 15.jpg\" \/>  <\/p>\n<p>La Habana, Cuba 15 febrero.- .- El presidente de Cuba, Ra\u00fal Castro, se reuni\u00f3 hoy en La Habana con el ministro de Defensa de Rusia, general de ej\u00e9rcito Serguei Shoigu, quien realiza una visita oficial a la isla, inform\u00f3 la televisi\u00f3n estatal.<\/p>\n<\/p>\n<p>Ra\u00fal Castro y Serguei Shoigu dialogaron sobre \u00ablos hist\u00f3ricos lazos que unen a ambas naciones\u00bb y ratificaron \u00abla voluntad de continuar fortaleciendo los v\u00ednculos de cooperaci\u00f3n\u00bb, indic\u00f3 el reporte televisivo emitido con im\u00e1genes del encuentro.<\/p>\n<\/p>\n<p>En la reuni\u00f3n tambi\u00e9n participaron varios integrantes de la delegaci\u00f3n que acompa\u00f1a al ministro ruso en su gira latinoamericana que concluye en Cuba, tras visitar Venezuela y Nicaragua.<\/p>\n<\/p>\n<p>Por la parte cubana tambi\u00e9n participaron en el encuentro, el ministro de las Fuerzas Armadas Revolucionarias (FAR), general de cuerpo de ej\u00e9rcito Leopoldo Cintra, el viceministro y jefe del Estado Mayor de las FAR, \u00c1lvaro L\u00f3pez Miera, y otros jefes militares.<\/p>\n<\/p>\n<p>El ministro Shoigu inici\u00f3 este viernes el programa de su visita en la isla con un homenaje al pr\u00f3cer independentista de la isla, Antonio Maceo (1845-1896) y est\u00e1 previsto que realice un recorrido por unidades militares y lugares hist\u00f3ricos y culturales, seg\u00fan indicaron medios oficiales.<\/p>\n<\/p>\n<p>Hasta ahora no se informado cuando terminar\u00e1 su estancia en la isla.<\/p>\n<\/p>\n<p>En su primera gira latinoamericana tras su nombramiento como ministro de Defensa en noviembre de 2012, Shoigu ha visitado a Venezuela, Nicaragua y Cuba para abordar asuntos de defensa y de cooperaci\u00f3n t\u00e9cnico-militar, seg\u00fan dijo en Mosc\u00fa un portavoz militar.<\/p>\n<\/p>\n<h6> 2015-02-15 13:50:11 <\/h6>\n<p><!--\n<link rel=\"stylesheet\" href=\"css\/bootstrap.min.css\">\n\n\n<ul class=\"pagination\">\n\t    \n\t\n\n<li >\n\t<a href='?page_no=24909'>Previous<\/a>\n\t<\/li>\n\n\n       \n    \n\n<li><a href='?page_no=1'>1<\/a><\/li>\n\n\n\n<li><a href='?page_no=2'>2<\/a><\/li>\n\n\n\n<li><a>...<\/a><\/li>\n\n\n\n<li><a href='?page_no=24908'>24908<\/a><\/li>\n\n\n\n<li><a href='?page_no=24909'>24909<\/a><\/li>\n\n\n\n<li class='active'><a>24910<\/a><\/li>\n\n\n\n<li><a href='?page_no=24911'>24911<\/a><\/li>\n\n\n\n<li><a href='?page_no=24912'>24912<\/a><\/li>\n\n\n\n<li><a>...<\/a><\/li>\n\n\n\n<li><a href='?page_no=51012'>51012<\/a><\/li>\n\n\n\n<li><a href='?page_no=51013'>51013<\/a><\/li>\n\n    \n\t\n\n<li >\n\t<a href='?page_no=24911'>Next<\/a>\n\t<\/li>\n\n\n    \n\n<li><a href='?page_no=51013'>Last &rsaquo;&rsaquo;<\/a><\/li>\n\n<\/ul>\n\n\n--><br \/>\n<\/body><\/p>\n","protected":false},"excerpt":{"rendered":"<p>La Habana, Cuba 15 febrero.- .- El presidente de Cuba, Ra\u00fal Castro, se reuni\u00f3 hoy en La Habana con el ministro de Defensa de Rusia, general de ej\u00e9rcito Serguei Shoigu, quien realiza una visita oficial a la isla, inform\u00f3 la televisi\u00f3n estatal. Ra\u00fal Castro y Serguei Shoigu dialogaron sobre \u00ablos hist\u00f3ricos lazos que unen a [&hellip;]<\/p>\n","protected":false},"author":3,"featured_media":0,"comment_status":"open","ping_status":"open","sticky":false,"template":"","format":"standard","meta":{"footnotes":""},"categories":[23],"tags":[],"class_list":["post-255265","post","type-post","status-publish","format-standard","hentry","category-internacional"],"_links":{"self":[{"href":"https:\/\/diariodominicano.com\/index.php?rest_route=\/wp\/v2\/posts\/255265","targetHints":{"allow":["GET"]}}],"collection":[{"href":"https:\/\/diariodominicano.com\/index.php?rest_route=\/wp\/v2\/posts"}],"about":[{"href":"https:\/\/diariodominicano.com\/index.php?rest_route=\/wp\/v2\/types\/post"}],"author":[{"embeddable":true,"href":"https:\/\/diariodominicano.com\/index.php?rest_route=\/wp\/v2\/users\/3"}],"replies":[{"embeddable":true,"href":"https:\/\/diariodominicano.com\/index.php?rest_route=%2Fwp%2Fv2%2Fcomments&post=255265"}],"version-history":[{"count":0,"href":"https:\/\/diariodominicano.com\/index.php?rest_route=\/wp\/v2\/posts\/255265\/revisions"}],"wp:attachment":[{"href":"https:\/\/diariodominicano.com\/index.php?rest_route=%2Fwp%2Fv2%2Fmedia&parent=255265"}],"wp:term":[{"taxonomy":"category","embeddable":true,"href":"https:\/\/diariodominicano.com\/index.php?rest_route=%2Fwp%2Fv2%2Fcategories&post=255265"},{"taxonomy":"post_tag","embeddable":true,"href":"https:\/\/diariodominicano.com\/index.php?rest_route=%2Fwp%2Fv2%2Ftags&post=255265"}],"curies":[{"name":"wp","href":"https:\/\/api.w.org\/{rel}","templated":true}]}}