{"id":255264,"date":"2015-02-15T13:54:22","date_gmt":"2015-02-15T13:54:22","guid":{"rendered":"http:\/\/diariodominicano.ddns.net\/?p=255264"},"modified":"2015-02-15T13:54:22","modified_gmt":"2015-02-15T13:54:22","slug":"hijo-de-bachelet-dice-que-no-hay-nada-ilicito-en-polemica-que-lo-hizo-dimitir","status":"publish","type":"post","link":"https:\/\/diariodominicano.com\/?p=255264","title":{"rendered":"&#13; &#13;Hijo de Bachelet dice que no hay nada il\u00edcito en pol\u00e9mica que lo hizo dimitir"},"content":{"rendered":"<p><body><\/p>\n<p><img decoding=\"async\" src=\"img3\/bache 15.jpg\" \/>  <\/p>\n<\/p>\n<p>Hijo de Bachelet dice que no hay nada il\u00edcito en pol\u00e9mica que lo hizo dimitir<\/p>\n<\/p>\n<\/p>\n<p>Santiago de Chile, 15 feb (EFE).- Sebasti\u00e1n D\u00e1valos, hijo mayor de la presidenta de Chile, Michelle Bachelet, asegur\u00f3 que no hay nada il\u00edcito en el negocio inmobiliario que llev\u00f3 a cabo su esposa y lo forz\u00f3 a renunciar el viernes pasado a un cargo oficial, y denunci\u00f3 que se dijeron \u00abmuchas mentiras\u00bb sobre el asunto.<\/p>\n<\/p>\n<p>\u00abSe dijeron muchas mentiras, esa es la verdad, y queda en el aire esta sensaci\u00f3n de que hay algo il\u00edcito o turbio, pero que nadie es capaz de explicar bien\u00bb, dijo D\u00e1valos en una entrevista que publica hoy el diario El Mercurio, la primera que da para hablar de su pol\u00e9mica dimisi\u00f3n.<\/p>\n<\/p>\n<p>El hijo de la mandataria -quien no percib\u00eda retribuci\u00f3n alguna por el cargo oficial al que renunci\u00f3- dej\u00f3 el viernes la direcci\u00f3n sociocultural de la Presidencia tras un pol\u00e9mico negocio inmobiliario llevado a cabo por su esposa, Natalia Compagnon.<\/p>\n<\/p>\n<p>La esposa de D\u00e1valos es socia al 50 % de la empresa Caval Limitada, que obtuvo un pr\u00e9stamo por valor de 6.500 millones de pesos (unos 10,4 millones de d\u00f3lares) para la adquisici\u00f3n de unos terrenos en el municipio de Machal\u00ed.<\/p>\n<\/p>\n<p>El cr\u00e9dito fue otorgado por el Banco de Chile el 16 de diciembre de 2013, un d\u00eda despu\u00e9s del triunfo de Bachelet en la segunda vuelta de las elecciones presidenciales.<\/p>\n<\/p>\n<p>La operaci\u00f3n se fragu\u00f3 durante una reuni\u00f3n celebrada en la sede del banco en noviembre de ese a\u00f1o en la que participaron Andr\u00f3nico Luksic, due\u00f1o y vicepresidente de la entidad financiera, y el propio Sebasti\u00e1n D\u00e1valos, por entonces gerente de operaciones de Caval.<\/p>\n<\/p>\n<p>El hijo de Bachelet descart\u00f3 que ese encuentro con Luksic fuera \u00abimprudente\u00bb porque en ese momento \u00e9l trabajaba en el sector privado y asegur\u00f3 que la presidenta no estaba al corriente del negocio inmobiliario que estaban realizando su hijo y su nuera.<\/p>\n<\/p>\n<p>En ese sentido, reconoci\u00f3 que este episodio le provoc\u00f3 un \u00abda\u00f1o\u00bb a la imagen de la mandataria y del Gobierno, raz\u00f3n por la cual decidi\u00f3 abandonar su cargo.<\/p>\n<\/p>\n<p>El objetivo del cr\u00e9dito bancario que obtuvo Caval era adquirir unos terrenos rurales que estaban pendientes de ser recalificados para uso urbano, cosa que a\u00fan no ha sucedido.<\/p>\n<\/p>\n<p>A pesar de ello, la empresa -que hab\u00eda intentado infructuosamente obtener el pr\u00e9stamo en otros bancos- vendi\u00f3 despu\u00e9s los terrenos por un precio superior al de su compra en 3.000 millones de pesos (unos 4,8 millones de d\u00f3lares).<\/p>\n<h6> 2015-02-15 13:54:22 <\/h6>\n<p><!--\n<link rel=\"stylesheet\" href=\"css\/bootstrap.min.css\">\n\n\n<ul class=\"pagination\">\n\t    \n\t\n\n<li >\n\t<a href='?page_no=24908'>Previous<\/a>\n\t<\/li>\n\n\n       \n    \n\n<li><a href='?page_no=1'>1<\/a><\/li>\n\n\n\n<li><a href='?page_no=2'>2<\/a><\/li>\n\n\n\n<li><a>...<\/a><\/li>\n\n\n\n<li><a href='?page_no=24907'>24907<\/a><\/li>\n\n\n\n<li><a href='?page_no=24908'>24908<\/a><\/li>\n\n\n\n<li class='active'><a>24909<\/a><\/li>\n\n\n\n<li><a href='?page_no=24910'>24910<\/a><\/li>\n\n\n\n<li><a href='?page_no=24911'>24911<\/a><\/li>\n\n\n\n<li><a>...<\/a><\/li>\n\n\n\n<li><a href='?page_no=51012'>51012<\/a><\/li>\n\n\n\n<li><a href='?page_no=51013'>51013<\/a><\/li>\n\n    \n\t\n\n<li >\n\t<a href='?page_no=24910'>Next<\/a>\n\t<\/li>\n\n\n    \n\n<li><a href='?page_no=51013'>Last &rsaquo;&rsaquo;<\/a><\/li>\n\n<\/ul>\n\n\n--><br \/>\n<\/body><\/p>\n","protected":false},"excerpt":{"rendered":"<p>Hijo de Bachelet dice que no hay nada il\u00edcito en pol\u00e9mica que lo hizo dimitir Santiago de Chile, 15 feb (EFE).- Sebasti\u00e1n D\u00e1valos, hijo mayor de la presidenta de Chile, Michelle Bachelet, asegur\u00f3 que no hay nada il\u00edcito en el negocio inmobiliario que llev\u00f3 a cabo su esposa y lo forz\u00f3 a renunciar el viernes [&hellip;]<\/p>\n","protected":false},"author":3,"featured_media":0,"comment_status":"open","ping_status":"open","sticky":false,"template":"","format":"standard","meta":{"footnotes":""},"categories":[23],"tags":[],"class_list":["post-255264","post","type-post","status-publish","format-standard","hentry","category-internacional"],"_links":{"self":[{"href":"https:\/\/diariodominicano.com\/index.php?rest_route=\/wp\/v2\/posts\/255264","targetHints":{"allow":["GET"]}}],"collection":[{"href":"https:\/\/diariodominicano.com\/index.php?rest_route=\/wp\/v2\/posts"}],"about":[{"href":"https:\/\/diariodominicano.com\/index.php?rest_route=\/wp\/v2\/types\/post"}],"author":[{"embeddable":true,"href":"https:\/\/diariodominicano.com\/index.php?rest_route=\/wp\/v2\/users\/3"}],"replies":[{"embeddable":true,"href":"https:\/\/diariodominicano.com\/index.php?rest_route=%2Fwp%2Fv2%2Fcomments&post=255264"}],"version-history":[{"count":0,"href":"https:\/\/diariodominicano.com\/index.php?rest_route=\/wp\/v2\/posts\/255264\/revisions"}],"wp:attachment":[{"href":"https:\/\/diariodominicano.com\/index.php?rest_route=%2Fwp%2Fv2%2Fmedia&parent=255264"}],"wp:term":[{"taxonomy":"category","embeddable":true,"href":"https:\/\/diariodominicano.com\/index.php?rest_route=%2Fwp%2Fv2%2Fcategories&post=255264"},{"taxonomy":"post_tag","embeddable":true,"href":"https:\/\/diariodominicano.com\/index.php?rest_route=%2Fwp%2Fv2%2Ftags&post=255264"}],"curies":[{"name":"wp","href":"https:\/\/api.w.org\/{rel}","templated":true}]}}