{"id":255263,"date":"2015-02-15T13:57:48","date_gmt":"2015-02-15T13:57:48","guid":{"rendered":"http:\/\/diariodominicano.ddns.net\/?p=255263"},"modified":"2015-02-15T13:57:48","modified_gmt":"2015-02-15T13:57:48","slug":"fiscal-que-pide-imputar-a-fernandez-solicita-a-juez-unas-50-medidas-de-prueba","status":"publish","type":"post","link":"https:\/\/diariodominicano.com\/?p=255263","title":{"rendered":"Fiscal que pide imputar a Fern\u00e1ndez solicita a juez unas 50 medidas de prueba"},"content":{"rendered":"<p><body><\/p>\n<p>Buenos Aires, Argentina 15 febrero .- El fiscal Gerardo Pollicita solicit\u00f3 a la Justicia unas 50 medidas, que incluyen allanamientos, ex\u00e1menes de telecomunicaciones y declaraciones testimoniales, para avanzar en la acusaci\u00f3n por encubrimiento a terroristas contra la presidenta argentina, Cristina Fern\u00e1ndez, informaron hoy medios locales.<\/p>\n<\/p>\n<p>Aunque Pollicita solicit\u00f3 secreto de sumario, seg\u00fan fuentes judiciales consultadas por el diario Clar\u00edn, en el requerimiento de instrucci\u00f3n presentado este viernes el fiscal pidi\u00f3 al juez Daniel Rafecas, encargado de la causa, medio centenar de medidas para corroborar datos que se remontan a 2011.<\/p>\n<\/p>\n<p>Pollicita busca comprobar las pruebas y atar los cabos sueltos de la teor\u00eda expuesta por el fiscal Alberto Nisman en la denuncia que present\u00f3 cuatro d\u00edas antes de morir, el pasado 18 de enero de un tiro en la sien en circunstancias a\u00fan no aclaradas.<\/p>\n<\/p>\n<p>Alberto Nisman, fiscal especial de la causa sobre el atentado contra la mutua jud\u00eda AMIA, que dej\u00f3 85 muertos en 1994, se\u00f1al\u00f3 a Fern\u00e1ndez como m\u00e1xima responsable de un plan para encubrir a los iran\u00edes sospechosos de ser los autores de ese acto terrorista.<\/p>\n<\/p>\n<p>Tras un mes sin avances, el fiscal Gerardo Pollicita sigui\u00f3 este viernes los pasos de su colega fallecido y acus\u00f3 a Fern\u00e1ndez, al canciller, H\u00e9ctor Timerman, y varios colaboradores de \u00abencubrimiento por favorecimiento personal agravado\u00bb y posible \u00abimpedimento o estorbo del acto funcional e incumplimiento de los deberes de funcionario p\u00fablico\u00bb.<\/p>\n<\/p>\n<p>La bater\u00eda de pruebas solicitadas por Pollicita incluye cruces de llamadas para probar los v\u00ednculos de los implicados en la presunta trama de encubrimiento, comprobaci\u00f3n de los lugares desde donde se realizaban las comunicaciones y registros de las entradas y salidas de edificios gubernamentales como la Canciller\u00eda argentina y la Casa Rosada.<\/p>\n<\/p>\n<p>Tambi\u00e9n solicita declaraciones testimoniales y registros en lugares que se mantienen en estricto secreto, seg\u00fan inform\u00f3 Clar\u00edn<\/p>\n<h6> 2015-02-15 13:57:48 <\/h6>\n<p><!--\n<link rel=\"stylesheet\" href=\"css\/bootstrap.min.css\">\n\n\n<ul class=\"pagination\">\n\t    \n\t\n\n<li >\n\t<a href='?page_no=24907'>Previous<\/a>\n\t<\/li>\n\n\n       \n    \n\n<li><a href='?page_no=1'>1<\/a><\/li>\n\n\n\n<li><a href='?page_no=2'>2<\/a><\/li>\n\n\n\n<li><a>...<\/a><\/li>\n\n\n\n<li><a href='?page_no=24906'>24906<\/a><\/li>\n\n\n\n<li><a href='?page_no=24907'>24907<\/a><\/li>\n\n\n\n<li class='active'><a>24908<\/a><\/li>\n\n\n\n<li><a href='?page_no=24909'>24909<\/a><\/li>\n\n\n\n<li><a href='?page_no=24910'>24910<\/a><\/li>\n\n\n\n<li><a>...<\/a><\/li>\n\n\n\n<li><a href='?page_no=51012'>51012<\/a><\/li>\n\n\n\n<li><a href='?page_no=51013'>51013<\/a><\/li>\n\n    \n\t\n\n<li >\n\t<a href='?page_no=24909'>Next<\/a>\n\t<\/li>\n\n\n    \n\n<li><a href='?page_no=51013'>Last &rsaquo;&rsaquo;<\/a><\/li>\n\n<\/ul>\n\n\n--><br \/>\n<\/body><\/p>\n","protected":false},"excerpt":{"rendered":"<p>Buenos Aires, Argentina 15 febrero .- El fiscal Gerardo Pollicita solicit\u00f3 a la Justicia unas 50 medidas, que incluyen allanamientos, ex\u00e1menes de telecomunicaciones y declaraciones testimoniales, para avanzar en la acusaci\u00f3n por encubrimiento a terroristas contra la presidenta argentina, Cristina Fern\u00e1ndez, informaron hoy medios locales. Aunque Pollicita solicit\u00f3 secreto de sumario, seg\u00fan fuentes judiciales consultadas [&hellip;]<\/p>\n","protected":false},"author":3,"featured_media":0,"comment_status":"open","ping_status":"open","sticky":false,"template":"","format":"standard","meta":{"footnotes":""},"categories":[23],"tags":[],"class_list":["post-255263","post","type-post","status-publish","format-standard","hentry","category-internacional"],"_links":{"self":[{"href":"https:\/\/diariodominicano.com\/index.php?rest_route=\/wp\/v2\/posts\/255263","targetHints":{"allow":["GET"]}}],"collection":[{"href":"https:\/\/diariodominicano.com\/index.php?rest_route=\/wp\/v2\/posts"}],"about":[{"href":"https:\/\/diariodominicano.com\/index.php?rest_route=\/wp\/v2\/types\/post"}],"author":[{"embeddable":true,"href":"https:\/\/diariodominicano.com\/index.php?rest_route=\/wp\/v2\/users\/3"}],"replies":[{"embeddable":true,"href":"https:\/\/diariodominicano.com\/index.php?rest_route=%2Fwp%2Fv2%2Fcomments&post=255263"}],"version-history":[{"count":0,"href":"https:\/\/diariodominicano.com\/index.php?rest_route=\/wp\/v2\/posts\/255263\/revisions"}],"wp:attachment":[{"href":"https:\/\/diariodominicano.com\/index.php?rest_route=%2Fwp%2Fv2%2Fmedia&parent=255263"}],"wp:term":[{"taxonomy":"category","embeddable":true,"href":"https:\/\/diariodominicano.com\/index.php?rest_route=%2Fwp%2Fv2%2Fcategories&post=255263"},{"taxonomy":"post_tag","embeddable":true,"href":"https:\/\/diariodominicano.com\/index.php?rest_route=%2Fwp%2Fv2%2Ftags&post=255263"}],"curies":[{"name":"wp","href":"https:\/\/api.w.org\/{rel}","templated":true}]}}