{"id":255261,"date":"2015-02-15T14:03:27","date_gmt":"2015-02-15T14:03:27","guid":{"rendered":"http:\/\/diariodominicano.ddns.net\/?p=255261"},"modified":"2015-02-15T14:03:27","modified_gmt":"2015-02-15T14:03:27","slug":"rechazan-vias-violentas-como-solucion-de-problemas-en-venezuela","status":"publish","type":"post","link":"https:\/\/diariodominicano.com\/?p=255261","title":{"rendered":"Rechazan v\u00edas violentas como soluci\u00f3n de problemas en Venezuela"},"content":{"rendered":"<p><body><\/p>\n<p><img decoding=\"async\" src=\"img3\/via 1.jpg\" \/>  <\/p>\n<p> Caracas, 15 feb (PL) El periodista y analista venezolano Jos\u00e9 Vicente Rang\u00e9l inst\u00f3 hoy a todos los sectores a rechazar la violencia y conseguir v\u00edas pac\u00edficas para solucionar los problemas que enfrenta el pa\u00eds.<\/p>\n<\/p>\n<p>Venezuela enfrenta golpe de Estado permanente, insisten en Francia <\/p>\n<p>En su programa televisivo Jos\u00e9 Vicente Hoy, en el canal privado Televen, el comunicador se refiri\u00f3 a las m\u00e1s recientes denuncias de un golpe de Estado contra el presidente de la Rep\u00fablica, Nicol\u00e1s Maduro, y asever\u00f3 que la compleja situaci\u00f3n merece una reflexi\u00f3n especial.<\/p>\n<\/p>\n<p>Los momentos que vive el pa\u00eds son \u00absin duda una situaci\u00f3n que no debe ser subestimada por nadie\u00bb, acot\u00f3 y advirti\u00f3 que \u00abde continuar por el camino que vamos el futuro inmediato se tornar\u00e1 de manera impredecible\u00bb.<\/p>\n<\/p>\n<p>\u00abAun cuando reconozco que en momentos de crispaci\u00f3n los llamados a la ponderaci\u00f3n de las partes en conflicto tiene muy poca acogida me atrevo a desafiar esos sentimientos\u00bb, consider\u00f3 el tambi\u00e9n ex vicepresidente.<\/p>\n<\/p>\n<p>Rangel inst\u00f3 a recuperar el di\u00e1logo, porque la violencia nunca ha sido alternativa, debido a que lo que hacemos a trav\u00e9s de ella culmina en fracaso, muerte y destrucci\u00f3n, precis\u00f3.<\/p>\n<\/p>\n<p>La oposici\u00f3n venezolana, dijo, debe aceptar que por la v\u00eda constitucional y en elecciones transparentes, el actual gobierno fue electo por la mayor\u00eda del pueblo; y alert\u00f3 sobre algunos irresponsables que quieren romper ese equilibrio y el sistema democr\u00e1tico que identifica a Venezuela.<\/p>\n<\/p>\n<p>La violencia trae consecuencias letales, como nos ense\u00f1a la experiencia hist\u00f3rica, acot\u00f3.<\/p>\n<\/p>\n<p>El pasado jueves, Maduro denunci\u00f3 un plan de golpe de Estado con la participaci\u00f3n de algunos oficiales de la fuerza a\u00e9rea, l\u00edderes de partidos opositores y funcionarios de la embajada estadounidense en Caracas.<\/p>\n<h6> 2015-02-15 14:03:27 <\/h6>\n<p><!--\n<link rel=\"stylesheet\" href=\"css\/bootstrap.min.css\">\n\n\n<ul class=\"pagination\">\n\t    \n\t\n\n<li >\n\t<a href='?page_no=24905'>Previous<\/a>\n\t<\/li>\n\n\n       \n    \n\n<li><a href='?page_no=1'>1<\/a><\/li>\n\n\n\n<li><a href='?page_no=2'>2<\/a><\/li>\n\n\n\n<li><a>...<\/a><\/li>\n\n\n\n<li><a href='?page_no=24904'>24904<\/a><\/li>\n\n\n\n<li><a href='?page_no=24905'>24905<\/a><\/li>\n\n\n\n<li class='active'><a>24906<\/a><\/li>\n\n\n\n<li><a href='?page_no=24907'>24907<\/a><\/li>\n\n\n\n<li><a href='?page_no=24908'>24908<\/a><\/li>\n\n\n\n<li><a>...<\/a><\/li>\n\n\n\n<li><a href='?page_no=51012'>51012<\/a><\/li>\n\n\n\n<li><a href='?page_no=51013'>51013<\/a><\/li>\n\n    \n\t\n\n<li >\n\t<a href='?page_no=24907'>Next<\/a>\n\t<\/li>\n\n\n    \n\n<li><a href='?page_no=51013'>Last &rsaquo;&rsaquo;<\/a><\/li>\n\n<\/ul>\n\n\n--><br \/>\n<\/body><\/p>\n","protected":false},"excerpt":{"rendered":"<p>Caracas, 15 feb (PL) El periodista y analista venezolano Jos\u00e9 Vicente Rang\u00e9l inst\u00f3 hoy a todos los sectores a rechazar la violencia y conseguir v\u00edas pac\u00edficas para solucionar los problemas que enfrenta el pa\u00eds. Venezuela enfrenta golpe de Estado permanente, insisten en Francia En su programa televisivo Jos\u00e9 Vicente Hoy, en el canal privado Televen, [&hellip;]<\/p>\n","protected":false},"author":3,"featured_media":0,"comment_status":"open","ping_status":"open","sticky":false,"template":"","format":"standard","meta":{"footnotes":""},"categories":[23],"tags":[],"class_list":["post-255261","post","type-post","status-publish","format-standard","hentry","category-internacional"],"_links":{"self":[{"href":"https:\/\/diariodominicano.com\/index.php?rest_route=\/wp\/v2\/posts\/255261","targetHints":{"allow":["GET"]}}],"collection":[{"href":"https:\/\/diariodominicano.com\/index.php?rest_route=\/wp\/v2\/posts"}],"about":[{"href":"https:\/\/diariodominicano.com\/index.php?rest_route=\/wp\/v2\/types\/post"}],"author":[{"embeddable":true,"href":"https:\/\/diariodominicano.com\/index.php?rest_route=\/wp\/v2\/users\/3"}],"replies":[{"embeddable":true,"href":"https:\/\/diariodominicano.com\/index.php?rest_route=%2Fwp%2Fv2%2Fcomments&post=255261"}],"version-history":[{"count":0,"href":"https:\/\/diariodominicano.com\/index.php?rest_route=\/wp\/v2\/posts\/255261\/revisions"}],"wp:attachment":[{"href":"https:\/\/diariodominicano.com\/index.php?rest_route=%2Fwp%2Fv2%2Fmedia&parent=255261"}],"wp:term":[{"taxonomy":"category","embeddable":true,"href":"https:\/\/diariodominicano.com\/index.php?rest_route=%2Fwp%2Fv2%2Fcategories&post=255261"},{"taxonomy":"post_tag","embeddable":true,"href":"https:\/\/diariodominicano.com\/index.php?rest_route=%2Fwp%2Fv2%2Ftags&post=255261"}],"curies":[{"name":"wp","href":"https:\/\/api.w.org\/{rel}","templated":true}]}}