{"id":255260,"date":"2015-02-15T14:10:55","date_gmt":"2015-02-15T14:10:55","guid":{"rendered":"http:\/\/diariodominicano.ddns.net\/?p=255260"},"modified":"2015-02-15T14:10:55","modified_gmt":"2015-02-15T14:10:55","slug":"ee-uu-puede-iniciar-nueva-guerra-global-contra-el-terrorismo-ny-times","status":"publish","type":"post","link":"https:\/\/diariodominicano.com\/?p=255260","title":{"rendered":"EE.UU. puede iniciar nueva guerra global contra el terrorismo, NY Times"},"content":{"rendered":"<p><body><\/p>\n<p><img decoding=\"async\" src=\"img3\/guerra 1.jpg\" \/>  <\/p>\n<p>Washington, 15 feb (PL) La expansi\u00f3n del Estado Isl\u00e1mico (EI) con grupos afiliados m\u00e1s all\u00e1 de Iraq y Siria, aumenta las posibilidades de que Estados Unidos inicie una nueva guerra global contra el terrorismo, se\u00f1ala hoy el diario The New York Times.<\/p>\n<\/p>\n<p>Fuentes de los servicios de espionaje norteamericanos aseguraron al peri\u00f3dico que el EI estableci\u00f3 bases de operaciones en Afganist\u00e1n, Argelia, Egipto y Libia, mientras en territorio sirio e iraqu\u00ed hay unos 31 mil 500 extremistas, y en Jordania, L\u00edbano, Arabia Saudita, T\u00fanez y Yemen mantienen dos centenares en cada pa\u00eds.<\/p>\n<\/p>\n<p>Esta situaci\u00f3n aumenta las posibilidades de que Washington expanda sus campa\u00f1as antiterroristas m\u00e1s all\u00e1 de la que lleva a cabo con sus aliados actualmente en Siria e Iraq desde hace varios meses, donde ha lanzado m\u00e1s de dos mil ataques a\u00e9reos, a un costo que supera los mil 200 millones de d\u00f3lares.<\/p>\n<\/p>\n<p>Al respecto, el director de la Agencia de Inteligencia de la Defensa (DIA), general Vincent R. Stewart, se\u00f1al\u00f3 recientemente que el EI comenz\u00f3 a establecer una creciente presencia internacional, aseveraci\u00f3n que fue ratificada ante el Congreso la semana pasada por el director del Centro Nacional de Antiterrorismo de la Casa Blanca, Nicholas Rasmussen.<\/p>\n<\/p>\n<p>Sin embargo, los funcionarios no precisaron al Times datos sobre el nivel de efectividad de estos grupos fundamentalistas, a\u00f1ade el art\u00edculo, escrito por los periodistas Eric Schmitt y David Kirpatrick.<\/p>\n<\/p>\n<p>Seg\u00fan el texto, quienes critican esta posible expansi\u00f3n de la guerra a un alcance global temen que la Casa Blanca se involucre en un conflicto prolongado, de varios frentes, en momentos en que el presidente Barack Obama pide al Congreso nuevos poderes de guerra para combatir a los extremistas.<\/p>\n<\/p>\n<p>\u00abMe opongo a ofrecer otro cheque en blanco que justifique el uso de tropas estadounidenses en cualquier parte del mundo\u00bb, se\u00f1al\u00f3 el congresista dem\u00f3crata Adam B. Schiff, la principal figura de su partido en el Comit\u00e9 de Inteligencia de la C\u00e1mara de Representantes.<\/p>\n<\/p>\n<p>Obama pidi\u00f3 el martes pasado al Capitolio una nueva autorizaci\u00f3n para el uso de la fuerza con el fin de perseguir al EI donde quiera que este act\u00fae, de la misma forma que lo hizo el expresidente George W. Bush (2001-2009) contra la organizaci\u00f3n extremista Al Qaeda durante la d\u00e9cada pasada.<\/p>\n<\/p>\n<p>Al respecto, el vocero de la Casa Blanca, Johs Earnest dijo que Estados Unidos no puede dejarle la impresi\u00f3n al EI de que si se traslada a un pa\u00eds vecino estar\u00eda en un lugar seguro, fuera del alcance de las capacidades militares norteamericanas.<\/p>\n<h6> 2015-02-15 14:10:55 <\/h6>\n<p><!--\n<link rel=\"stylesheet\" href=\"css\/bootstrap.min.css\">\n\n\n<ul class=\"pagination\">\n\t    \n\t\n\n<li >\n\t<a href='?page_no=24904'>Previous<\/a>\n\t<\/li>\n\n\n       \n    \n\n<li><a href='?page_no=1'>1<\/a><\/li>\n\n\n\n<li><a href='?page_no=2'>2<\/a><\/li>\n\n\n\n<li><a>...<\/a><\/li>\n\n\n\n<li><a href='?page_no=24903'>24903<\/a><\/li>\n\n\n\n<li><a href='?page_no=24904'>24904<\/a><\/li>\n\n\n\n<li class='active'><a>24905<\/a><\/li>\n\n\n\n<li><a href='?page_no=24906'>24906<\/a><\/li>\n\n\n\n<li><a href='?page_no=24907'>24907<\/a><\/li>\n\n\n\n<li><a>...<\/a><\/li>\n\n\n\n<li><a href='?page_no=51012'>51012<\/a><\/li>\n\n\n\n<li><a href='?page_no=51013'>51013<\/a><\/li>\n\n    \n\t\n\n<li >\n\t<a href='?page_no=24906'>Next<\/a>\n\t<\/li>\n\n\n    \n\n<li><a href='?page_no=51013'>Last &rsaquo;&rsaquo;<\/a><\/li>\n\n<\/ul>\n\n\n--><br \/>\n<\/body><\/p>\n","protected":false},"excerpt":{"rendered":"<p>Washington, 15 feb (PL) La expansi\u00f3n del Estado Isl\u00e1mico (EI) con grupos afiliados m\u00e1s all\u00e1 de Iraq y Siria, aumenta las posibilidades de que Estados Unidos inicie una nueva guerra global contra el terrorismo, se\u00f1ala hoy el diario The New York Times. Fuentes de los servicios de espionaje norteamericanos aseguraron al peri\u00f3dico que el EI [&hellip;]<\/p>\n","protected":false},"author":3,"featured_media":0,"comment_status":"open","ping_status":"open","sticky":false,"template":"","format":"standard","meta":{"footnotes":""},"categories":[23],"tags":[],"class_list":["post-255260","post","type-post","status-publish","format-standard","hentry","category-internacional"],"_links":{"self":[{"href":"https:\/\/diariodominicano.com\/index.php?rest_route=\/wp\/v2\/posts\/255260","targetHints":{"allow":["GET"]}}],"collection":[{"href":"https:\/\/diariodominicano.com\/index.php?rest_route=\/wp\/v2\/posts"}],"about":[{"href":"https:\/\/diariodominicano.com\/index.php?rest_route=\/wp\/v2\/types\/post"}],"author":[{"embeddable":true,"href":"https:\/\/diariodominicano.com\/index.php?rest_route=\/wp\/v2\/users\/3"}],"replies":[{"embeddable":true,"href":"https:\/\/diariodominicano.com\/index.php?rest_route=%2Fwp%2Fv2%2Fcomments&post=255260"}],"version-history":[{"count":0,"href":"https:\/\/diariodominicano.com\/index.php?rest_route=\/wp\/v2\/posts\/255260\/revisions"}],"wp:attachment":[{"href":"https:\/\/diariodominicano.com\/index.php?rest_route=%2Fwp%2Fv2%2Fmedia&parent=255260"}],"wp:term":[{"taxonomy":"category","embeddable":true,"href":"https:\/\/diariodominicano.com\/index.php?rest_route=%2Fwp%2Fv2%2Fcategories&post=255260"},{"taxonomy":"post_tag","embeddable":true,"href":"https:\/\/diariodominicano.com\/index.php?rest_route=%2Fwp%2Fv2%2Ftags&post=255260"}],"curies":[{"name":"wp","href":"https:\/\/api.w.org\/{rel}","templated":true}]}}