{"id":255258,"date":"2015-02-15T14:20:29","date_gmt":"2015-02-15T14:20:29","guid":{"rendered":"http:\/\/diariodominicano.ddns.net\/?p=255258"},"modified":"2015-02-15T14:20:29","modified_gmt":"2015-02-15T14:20:29","slug":"onu-condena-ataques-en-dinamarca-que-dejaron-dos-muertos","status":"publish","type":"post","link":"https:\/\/diariodominicano.com\/?p=255258","title":{"rendered":"ONU condena ataques en Dinamarca que dejaron dos muertos"},"content":{"rendered":"<p><body><\/p>\n<p><img decoding=\"async\" src=\"img3\/hola 1.jpg\" \/>  <\/p>\n<p>Naciones Unidas, 15 feb (PL) El secretario general de Naciones Unidas, Ban Ki-moon, conden\u00f3 hoy en fuertes t\u00e9rminos los ataques de las \u00faltimas horas en Copenhague, capital de Dinamarca, donde perdieron la vida dos personas.<\/p>\n<\/p>\n<p>Reino Unido ofrece pleno apoyo a daneses tras ataques, afirma Cameron<\/p>\n<\/p>\n<p>Condena M\u00e9xico atentados en Dinamarca  <\/p>\n<\/p>\n<p>En una declaraci\u00f3n circulada aqu\u00ed, el diplom\u00e1tico se\u00f1al\u00f3 que no existen justificaciones para los actos violentos contra civiles, ni para la intolerancia y la discriminaci\u00f3n.<\/p>\n<\/p>\n<p>Ban transmiti\u00f3 sus condolencias a los familiares de las v\u00edctimas y su solidaridad con el pueblo y las autoridades daneses.<\/p>\n<\/p>\n<p>La v\u00edspera, un hombre armado dispar\u00f3 en un caf\u00e9 de Copenhague durante un foro en el cual participaba el caricaturista sueco Lars Vilks, quien ha desatado pol\u00e9mica por sus dibujos del profeta Mahoma, incidente en el que muri\u00f3 una persona y tres resultaron heridas.<\/p>\n<\/p>\n<p>Horas despu\u00e9s se produjo un tiroteo en las inmediaciones de una sinagoga, con saldo de otra v\u00edctima fatal.<\/p>\n<\/p>\n<p>Seg\u00fan la polic\u00eda local, que desat\u00f3 una cacer\u00eda humana para dar con el o los responsables, el operativo termin\u00f3 con la muerte de un sospechoso de estar detr\u00e1s de las dos balaceras.<\/p>\n<\/p>\n<p>Las caricaturas de Mahoma en diversos medios europeos han desatado en los \u00faltimos a\u00f1os la ira de la comunidad musulmana, contexto en el que se le atribuyen a sectores extremistas ataques como el ocurrido en enero contra el semanario sat\u00edrico franc\u00e9s Charlie Hebdo, en Par\u00eds, donde perdieron la vida 12 personas.<\/p>\n<h6> 2015-02-15 14:20:29 <\/h6>\n<p><!--\n<link rel=\"stylesheet\" href=\"css\/bootstrap.min.css\">\n\n\n<ul class=\"pagination\">\n\t    \n\t\n\n<li >\n\t<a href='?page_no=24902'>Previous<\/a>\n\t<\/li>\n\n\n       \n    \n\n<li><a href='?page_no=1'>1<\/a><\/li>\n\n\n\n<li><a href='?page_no=2'>2<\/a><\/li>\n\n\n\n<li><a>...<\/a><\/li>\n\n\n\n<li><a href='?page_no=24901'>24901<\/a><\/li>\n\n\n\n<li><a href='?page_no=24902'>24902<\/a><\/li>\n\n\n\n<li class='active'><a>24903<\/a><\/li>\n\n\n\n<li><a href='?page_no=24904'>24904<\/a><\/li>\n\n\n\n<li><a href='?page_no=24905'>24905<\/a><\/li>\n\n\n\n<li><a>...<\/a><\/li>\n\n\n\n<li><a href='?page_no=51012'>51012<\/a><\/li>\n\n\n\n<li><a href='?page_no=51013'>51013<\/a><\/li>\n\n    \n\t\n\n<li >\n\t<a href='?page_no=24904'>Next<\/a>\n\t<\/li>\n\n\n    \n\n<li><a href='?page_no=51013'>Last &rsaquo;&rsaquo;<\/a><\/li>\n\n<\/ul>\n\n\n--><br \/>\n<\/body><\/p>\n","protected":false},"excerpt":{"rendered":"<p>Naciones Unidas, 15 feb (PL) El secretario general de Naciones Unidas, Ban Ki-moon, conden\u00f3 hoy en fuertes t\u00e9rminos los ataques de las \u00faltimas horas en Copenhague, capital de Dinamarca, donde perdieron la vida dos personas. Reino Unido ofrece pleno apoyo a daneses tras ataques, afirma Cameron Condena M\u00e9xico atentados en Dinamarca En una declaraci\u00f3n circulada [&hellip;]<\/p>\n","protected":false},"author":3,"featured_media":0,"comment_status":"open","ping_status":"open","sticky":false,"template":"","format":"standard","meta":{"footnotes":""},"categories":[23],"tags":[],"class_list":["post-255258","post","type-post","status-publish","format-standard","hentry","category-internacional"],"_links":{"self":[{"href":"https:\/\/diariodominicano.com\/index.php?rest_route=\/wp\/v2\/posts\/255258","targetHints":{"allow":["GET"]}}],"collection":[{"href":"https:\/\/diariodominicano.com\/index.php?rest_route=\/wp\/v2\/posts"}],"about":[{"href":"https:\/\/diariodominicano.com\/index.php?rest_route=\/wp\/v2\/types\/post"}],"author":[{"embeddable":true,"href":"https:\/\/diariodominicano.com\/index.php?rest_route=\/wp\/v2\/users\/3"}],"replies":[{"embeddable":true,"href":"https:\/\/diariodominicano.com\/index.php?rest_route=%2Fwp%2Fv2%2Fcomments&post=255258"}],"version-history":[{"count":0,"href":"https:\/\/diariodominicano.com\/index.php?rest_route=\/wp\/v2\/posts\/255258\/revisions"}],"wp:attachment":[{"href":"https:\/\/diariodominicano.com\/index.php?rest_route=%2Fwp%2Fv2%2Fmedia&parent=255258"}],"wp:term":[{"taxonomy":"category","embeddable":true,"href":"https:\/\/diariodominicano.com\/index.php?rest_route=%2Fwp%2Fv2%2Fcategories&post=255258"},{"taxonomy":"post_tag","embeddable":true,"href":"https:\/\/diariodominicano.com\/index.php?rest_route=%2Fwp%2Fv2%2Ftags&post=255258"}],"curies":[{"name":"wp","href":"https:\/\/api.w.org\/{rel}","templated":true}]}}