{"id":255256,"date":"2015-02-16T09:38:41","date_gmt":"2015-02-16T09:38:41","guid":{"rendered":"http:\/\/diariodominicano.ddns.net\/?p=255256"},"modified":"2015-02-16T09:38:41","modified_gmt":"2015-02-16T09:38:41","slug":"extraditan-a-boston-narco-dominicano-que-se-fugo-de-carcel-eeuu-en-el-2008","status":"publish","type":"post","link":"https:\/\/diariodominicano.com\/?p=255256","title":{"rendered":"Extraditan a Boston narco dominicano que se fug\u00f3 de c\u00e1rcel EEUU en el 2008"},"content":{"rendered":"<p><body><\/p>\n<p><img decoding=\"async\" src=\"img3\/preso 1.jpg\" \/>  <\/p>\n<p>Massachusetts, Bostgon 16 febrero.-  El convicto narcotraficante dominicano en Massachusetts, Wander Vargas Canela, de 29 a\u00f1os de edad y quien se fug\u00f3 de una c\u00e1rcel de Boston en el 2008, siendo uno de los fugitivos m\u00e1s buscados desde entonces, fue capturado en Suiza y extraditado a la referida ciudad estadounidense, donde ser\u00e1 acusado de m\u00faltiples cargos criminales.<\/p>\n<\/p>\n<p>El FBI, que hab\u00eda puesto a Canela en la lista de los pr\u00f3fugos m\u00e1s buscados de los \u00faltimos a\u00f1os, dijo en un comunicado el viernes que el dominicano fue arrestado en Suiza en el 2014 por narcotr\u00e1fico.<\/p>\n<\/p>\n<p>Fue tra\u00eddo a Massachusetts ese mismo d\u00eda en la noche en un avi\u00f3n oficial que aterriz\u00f3 en el aeropuerto internacional Logan de Boston.<\/p>\n<\/p>\n<p>La agencia federal se\u00f1ala que Canela era buscado desde el 16 de septiembre del 2008, cuando escap\u00f3 de la c\u00e1rcel de Boston, donde purgaba una condena de entre 4 a 7 a\u00f1os por narcotr\u00e1fico. Se declar\u00f3 culpable de ese delito el 10 de octubre del 2007 en la Corte Superior del Condado Essex. Canela, usaba el sobrenombre de \u00abWallis Torres\u00bb y deber\u00e1 completar la condena que dej\u00f3 suspendida cuando escap\u00f3 de la prisi\u00f3n, adem\u00e1s de otras adicionales.<\/p>\n<\/p>\n<p>El FBI dijo que Canela tambi\u00e9n enfrenta cargos por la fuga.<\/p>\n<\/p>\n<p>Fue arrestado en Suiza en abril del 2014 y en el trayecto fue escoltado por agentes del FBI hasta el aeropuerto Logan, donde fue entregado a las autoridades. El 17 de septiembre del 2007, se emiti\u00f3 una orden de arresto en la Corte del Distrito de Roxbury, un d\u00eda despu\u00e9s que huy\u00f3 del Centro Correccional Pre-Release, donde estaba confinado.<\/p>\n<\/p>\n<p>Los investigadores recibieron confidencias de que Canela, hab\u00eda huido de Estados Unidos y se mov\u00eda por Europa, espec\u00edficamente en \u00e1reas de Espa\u00f1a y Suiza, usando el nombre falso.<\/p>\n<\/p>\n<p>El 13 de diciembre una orden federal de detenci\u00f3n fue cargada a Canela, acus\u00e1ndolo de fuga ilegal. Por ese delito, podr\u00eda ser condenado a otros cinco a\u00f1os.<\/p>\n<\/p>\n<p>Rastreando varias pistas en Espa\u00f1a, Rep\u00fablica Dominicana y Suiza, el FBI y oficiales de la Fuerza de Tarea Contra Cr\u00edmenes Violentos de Massachusetts, siguieron los pasos de Canela y con informaciones de las oficinas sat\u00e9lites de esa agencia en esos pa\u00edses, se comprob\u00f3 que esta residiendo en Suiza.<\/p>\n<\/p>\n<p>El 15 de abril del 2014, fue detenido por la polic\u00eda en Cant\u00f3n de Argovia (Suiza) por posesi\u00f3n de coca\u00edna y se le dej\u00f3 en custodia, en base a la orden de arresto del FBI, que pidi\u00f3 su extradici\u00f3n a Estados Unidos.<\/p>\n<h6> 2015-02-16 09:38:41 <\/h6>\n<p><!--\n<link rel=\"stylesheet\" href=\"css\/bootstrap.min.css\">\n\n\n<ul class=\"pagination\">\n\t    \n\t\n\n<li >\n\t<a href='?page_no=24900'>Previous<\/a>\n\t<\/li>\n\n\n       \n    \n\n<li><a href='?page_no=1'>1<\/a><\/li>\n\n\n\n<li><a href='?page_no=2'>2<\/a><\/li>\n\n\n\n<li><a>...<\/a><\/li>\n\n\n\n<li><a href='?page_no=24899'>24899<\/a><\/li>\n\n\n\n<li><a href='?page_no=24900'>24900<\/a><\/li>\n\n\n\n<li class='active'><a>24901<\/a><\/li>\n\n\n\n<li><a href='?page_no=24902'>24902<\/a><\/li>\n\n\n\n<li><a href='?page_no=24903'>24903<\/a><\/li>\n\n\n\n<li><a>...<\/a><\/li>\n\n\n\n<li><a href='?page_no=51012'>51012<\/a><\/li>\n\n\n\n<li><a href='?page_no=51013'>51013<\/a><\/li>\n\n    \n\t\n\n<li >\n\t<a href='?page_no=24902'>Next<\/a>\n\t<\/li>\n\n\n    \n\n<li><a href='?page_no=51013'>Last &rsaquo;&rsaquo;<\/a><\/li>\n\n<\/ul>\n\n\n--><br \/>\n<\/body><\/p>\n","protected":false},"excerpt":{"rendered":"<p>Massachusetts, Bostgon 16 febrero.- El convicto narcotraficante dominicano en Massachusetts, Wander Vargas Canela, de 29 a\u00f1os de edad y quien se fug\u00f3 de una c\u00e1rcel de Boston en el 2008, siendo uno de los fugitivos m\u00e1s buscados desde entonces, fue capturado en Suiza y extraditado a la referida ciudad estadounidense, donde ser\u00e1 acusado de m\u00faltiples [&hellip;]<\/p>\n","protected":false},"author":3,"featured_media":0,"comment_status":"open","ping_status":"open","sticky":false,"template":"","format":"standard","meta":{"footnotes":""},"categories":[23],"tags":[],"class_list":["post-255256","post","type-post","status-publish","format-standard","hentry","category-internacional"],"_links":{"self":[{"href":"https:\/\/diariodominicano.com\/index.php?rest_route=\/wp\/v2\/posts\/255256","targetHints":{"allow":["GET"]}}],"collection":[{"href":"https:\/\/diariodominicano.com\/index.php?rest_route=\/wp\/v2\/posts"}],"about":[{"href":"https:\/\/diariodominicano.com\/index.php?rest_route=\/wp\/v2\/types\/post"}],"author":[{"embeddable":true,"href":"https:\/\/diariodominicano.com\/index.php?rest_route=\/wp\/v2\/users\/3"}],"replies":[{"embeddable":true,"href":"https:\/\/diariodominicano.com\/index.php?rest_route=%2Fwp%2Fv2%2Fcomments&post=255256"}],"version-history":[{"count":0,"href":"https:\/\/diariodominicano.com\/index.php?rest_route=\/wp\/v2\/posts\/255256\/revisions"}],"wp:attachment":[{"href":"https:\/\/diariodominicano.com\/index.php?rest_route=%2Fwp%2Fv2%2Fmedia&parent=255256"}],"wp:term":[{"taxonomy":"category","embeddable":true,"href":"https:\/\/diariodominicano.com\/index.php?rest_route=%2Fwp%2Fv2%2Fcategories&post=255256"},{"taxonomy":"post_tag","embeddable":true,"href":"https:\/\/diariodominicano.com\/index.php?rest_route=%2Fwp%2Fv2%2Ftags&post=255256"}],"curies":[{"name":"wp","href":"https:\/\/api.w.org\/{rel}","templated":true}]}}