{"id":255252,"date":"2015-02-17T14:18:09","date_gmt":"2015-02-17T14:18:09","guid":{"rendered":"http:\/\/diariodominicano.ddns.net\/?p=255252"},"modified":"2015-02-17T14:18:09","modified_gmt":"2015-02-17T14:18:09","slug":"mexico-lamenta-suspension-de-medidas-migratorias-en-estados-unidos","status":"publish","type":"post","link":"https:\/\/diariodominicano.com\/?p=255252","title":{"rendered":"&#13;&#13;M\u00e9xico lamenta suspensi\u00f3n de medidas migratorias en Estados Unidos"},"content":{"rendered":"<p><body><\/p>\n<\/p>\n<p><span class=\"text1noticias\">\t\t<\/span><\/p>\n<\/p>\n<p><span class=\"text1noticias\">M\u00e9xico, 17 feb (PL) El gobierno de M\u00e9xico \u00ablament\u00f3\u00bb hoy la decisi\u00f3n de un juez federal de Estados Unidos que suspendi\u00f3 medidas que benefician a migrantes mexicanos, seg\u00fan expres\u00f3 un comunicado de la Secretar\u00eda de Relaciones Exteriores (SRE).<\/span><\/p>\n<\/p>\n<p><span class=\"text1noticias\">La canciller\u00eda mexicana se refiri\u00f3 a la decisi\u00f3n de un juez federal de Texas que suspendi\u00f3 la instrumentaci\u00f3n del programa de Acci\u00f3n Diferida para los LLegados de la Infancia (DACA, seg\u00fan sus siglas en ingl\u00e9s).<\/span><\/p>\n<\/p>\n<p><span class=\"text1noticias\">Tambi\u00e9n lament\u00f3 que la propia orden judicial deja sin efecto el programa de Acci\u00f3n Diferida para padres de ciudadanos estadounidenses y residentes legales permanentes (DAPA, en ingl\u00e9s) <\/span><\/p>\n<\/p>\n<p><span class=\"text1noticias\">Como resultado de esta orden judicial, los programas DACA y DAPA se suspenden temporalmente mientras se resuelve el fondo de la demanda que presentaron 26 estados, explica el comunicado de la SRE.<\/span><\/p>\n<\/p>\n<p><span class=\"text1noticias\">La embajada de M\u00e9xico y la red consular en Estados Unidos se mantendr\u00e1n atentas a este proceso y al desarrollo de las siguientes etapas judiciales, a\u00f1ade.<\/span><\/p>\n<\/p>\n<p><span class=\"text1noticias\">Subraya adem\u00e1s que esos programas resultan \u00abun remedio migratorio justo para millones de familias y podr\u00edan potenciar las significativas contribuciones de los migrantes mexicanos a la econom\u00eda y sociedad estadounidense\u00bb.<\/span><\/p>\n<\/p>\n<p><span class=\"text1noticias\">El texto alerta a la comunidad mexicana en Estados Unidos sobre posibles enga\u00f1os y fraudes migratorios.<\/span><\/p>\n<\/p>\n<p><span class=\"text1noticias\">A la fecha, y como resultado de esta suspensi\u00f3n temporal, no existe ning\u00fan proceso ni se est\u00e1n aceptando solicitudes para beneficiarse de los programas de acci\u00f3n diferida DACA ampliado y DAPA, enfatiza.<\/span><\/p>\n<\/p>\n<h6> 2015-02-17 14:18:09 <\/h6>\n<p><!--\n<link rel=\"stylesheet\" href=\"css\/bootstrap.min.css\">\n\n\n<ul class=\"pagination\">\n\t    \n\t\n\n<li >\n\t<a href='?page_no=24896'>Previous<\/a>\n\t<\/li>\n\n\n       \n    \n\n<li><a href='?page_no=1'>1<\/a><\/li>\n\n\n\n<li><a href='?page_no=2'>2<\/a><\/li>\n\n\n\n<li><a>...<\/a><\/li>\n\n\n\n<li><a href='?page_no=24895'>24895<\/a><\/li>\n\n\n\n<li><a href='?page_no=24896'>24896<\/a><\/li>\n\n\n\n<li class='active'><a>24897<\/a><\/li>\n\n\n\n<li><a href='?page_no=24898'>24898<\/a><\/li>\n\n\n\n<li><a href='?page_no=24899'>24899<\/a><\/li>\n\n\n\n<li><a>...<\/a><\/li>\n\n\n\n<li><a href='?page_no=51012'>51012<\/a><\/li>\n\n\n\n<li><a href='?page_no=51013'>51013<\/a><\/li>\n\n    \n\t\n\n<li >\n\t<a href='?page_no=24898'>Next<\/a>\n\t<\/li>\n\n\n    \n\n<li><a href='?page_no=51013'>Last &rsaquo;&rsaquo;<\/a><\/li>\n\n<\/ul>\n\n\n--><br \/>\n<\/body><\/p>\n","protected":false},"excerpt":{"rendered":"<p>M\u00e9xico, 17 feb (PL) El gobierno de M\u00e9xico \u00ablament\u00f3\u00bb hoy la decisi\u00f3n de un juez federal de Estados Unidos que suspendi\u00f3 medidas que benefician a migrantes mexicanos, seg\u00fan expres\u00f3 un comunicado de la Secretar\u00eda de Relaciones Exteriores (SRE). La canciller\u00eda mexicana se refiri\u00f3 a la decisi\u00f3n de un juez federal de Texas que suspendi\u00f3 la [&hellip;]<\/p>\n","protected":false},"author":3,"featured_media":0,"comment_status":"open","ping_status":"open","sticky":false,"template":"","format":"standard","meta":{"footnotes":""},"categories":[23],"tags":[],"class_list":["post-255252","post","type-post","status-publish","format-standard","hentry","category-internacional"],"_links":{"self":[{"href":"https:\/\/diariodominicano.com\/index.php?rest_route=\/wp\/v2\/posts\/255252","targetHints":{"allow":["GET"]}}],"collection":[{"href":"https:\/\/diariodominicano.com\/index.php?rest_route=\/wp\/v2\/posts"}],"about":[{"href":"https:\/\/diariodominicano.com\/index.php?rest_route=\/wp\/v2\/types\/post"}],"author":[{"embeddable":true,"href":"https:\/\/diariodominicano.com\/index.php?rest_route=\/wp\/v2\/users\/3"}],"replies":[{"embeddable":true,"href":"https:\/\/diariodominicano.com\/index.php?rest_route=%2Fwp%2Fv2%2Fcomments&post=255252"}],"version-history":[{"count":0,"href":"https:\/\/diariodominicano.com\/index.php?rest_route=\/wp\/v2\/posts\/255252\/revisions"}],"wp:attachment":[{"href":"https:\/\/diariodominicano.com\/index.php?rest_route=%2Fwp%2Fv2%2Fmedia&parent=255252"}],"wp:term":[{"taxonomy":"category","embeddable":true,"href":"https:\/\/diariodominicano.com\/index.php?rest_route=%2Fwp%2Fv2%2Fcategories&post=255252"},{"taxonomy":"post_tag","embeddable":true,"href":"https:\/\/diariodominicano.com\/index.php?rest_route=%2Fwp%2Fv2%2Ftags&post=255252"}],"curies":[{"name":"wp","href":"https:\/\/api.w.org\/{rel}","templated":true}]}}