{"id":255250,"date":"2015-02-17T14:27:17","date_gmt":"2015-02-17T14:27:17","guid":{"rendered":"http:\/\/diariodominicano.ddns.net\/?p=255250"},"modified":"2015-02-17T14:27:17","modified_gmt":"2015-02-17T14:27:17","slug":"recrudecen-choques-tropas-ucranianas-y-milicianos-en-debaltsevo","status":"publish","type":"post","link":"https:\/\/diariodominicano.com\/?p=255250","title":{"rendered":"&#13;Recrudecen choques tropas ucranianas y milicianos en Deb\u00e1ltsevo"},"content":{"rendered":"<p><body><\/p>\n<p><img decoding=\"async\" src=\"img3\/enfrentamientoucrania.jpg\" \/>  <\/p>\n<p><span class=\"text1noticias\">\t\t<\/span><\/p>\n<p><span class=\"text1noticias\">  <\/span><\/p>\n<\/p>\n<p><span class=\"text1noticias\">Kiev, 17 feb (PL) Cruentos combates se reportaban hoy en la l\u00ednea del frente entre las tropas ucranianas y las milicias unificadas de Donetsk y Lugansk alrededor de Deb\u00e1ltsevo, pese al alto al fuego decretado hace 48 horas.<\/span><\/p>\n<\/p>\n<p><span class=\"text1noticias\">Informaciones de \u00faltima hora dan cuenta de enfrentamientos en la zona lim\u00edtrofe de las ciudades de Artiomovsk, controlada por las fuerzas de Kiev, y Deb\u00e1ltsevo, donde est\u00e1n cercados unos cinco mil soldados ucranianos.<\/span><\/p>\n<\/p>\n<p><span class=\"text1noticias\">El portavoz de Defensa de la proclamada Rep\u00fablica Popular de Donetsk (RPD) Eduard Basurin asegur\u00f3 a la agencia local de noticias que el ej\u00e9rcito unificado de la RPD y de Lugansk controlan el 80 por ciento de esa estrat\u00e9gica urbe, incluida la estaci\u00f3n ferroviaria.<\/span><\/p>\n<\/p>\n<p><span class=\"text1noticias\">Los militares ucranianos solo tienen dominio del sector occidental de la ciudad, puntualiz\u00f3 Basurin.<\/span><\/p>\n<\/p>\n<p><span class=\"text1noticias\">Seg\u00fan la fuente, otro grupo de unos 20 uniformados depuso las armas y se entreg\u00f3 voluntariamente a los milicianos. As\u00ed todo, se calcula que unos cinco mil siguen dentro del cerco, que ha sido recrudecido en las \u00faltimas horas por los ej\u00e9rcitos unificados de las dos regiones insurgentes.<\/span><\/p>\n<\/p>\n<p><span class=\"text1noticias\">En Kiev, el portavoz del mando de la operaci\u00f3n militar en el sureste ucraniano Andrei Lysenko confirm\u00f3 que en la periferia de Deb\u00e1ltsevo tienen lugar fuertes combates, pero dijo que las fuerzas regulares mantienen sus posiciones.<\/span><\/p>\n<\/p>\n<p><span class=\"text1noticias\">Los nuestros tienen total derecho a abrir fuego en respuesta y retener las posiciones que ocupaban en los \u00faltimos meses, sostuvo Lysenko durante una rueda de prensa.<\/span><\/p>\n<\/p>\n<p><span class=\"text1noticias\">A 48 horas de entrada en vigor del alto al fuego, ninguna de las partes beligerantes se ha pronunciado por el inicio del repliegue del armamento pesado, uno de los puntos principales de los acuerdos de Minsk, del 12 de febrero.<\/span><\/p>\n<\/p>\n<p><span class=\"text1noticias\">Las milicias reiteraron este martes que respetan los compromisos adoptados en la capital belorusa, pero el proceso de desplazamiento de las armas hacia la zona de contenci\u00f3n es rec\u00edproco, advirtieron.<\/span><\/p>\n<\/p>\n<p><span class=\"text1noticias\">Fuentes del poder alternativo de Donetsk confirmaron la culminaci\u00f3n en horas de la tarde de la video conferencia del Grupo de Contacto, cuyos resultados no trascendieron, por el momento.<\/span><\/p>\n<\/p>\n<p><span class=\"text1noticias\">Estad\u00edsticas actualizadas de la ONU estiman en al menos cinco mil 665 las v\u00edctimas del conflicto ucraniano, adem\u00e1s de 13 mil 961 heridos a consecuencia del conflicto ucraniano.<\/span><\/p>\n<\/p>\n<h6> 2015-02-17 14:27:17 <\/h6>\n<p><!--\n<link rel=\"stylesheet\" href=\"css\/bootstrap.min.css\">\n\n\n<ul class=\"pagination\">\n\t    \n\t\n\n<li >\n\t<a href='?page_no=24894'>Previous<\/a>\n\t<\/li>\n\n\n       \n    \n\n<li><a href='?page_no=1'>1<\/a><\/li>\n\n\n\n<li><a href='?page_no=2'>2<\/a><\/li>\n\n\n\n<li><a>...<\/a><\/li>\n\n\n\n<li><a href='?page_no=24893'>24893<\/a><\/li>\n\n\n\n<li><a href='?page_no=24894'>24894<\/a><\/li>\n\n\n\n<li class='active'><a>24895<\/a><\/li>\n\n\n\n<li><a href='?page_no=24896'>24896<\/a><\/li>\n\n\n\n<li><a href='?page_no=24897'>24897<\/a><\/li>\n\n\n\n<li><a>...<\/a><\/li>\n\n\n\n<li><a href='?page_no=51012'>51012<\/a><\/li>\n\n\n\n<li><a href='?page_no=51013'>51013<\/a><\/li>\n\n    \n\t\n\n<li >\n\t<a href='?page_no=24896'>Next<\/a>\n\t<\/li>\n\n\n    \n\n<li><a href='?page_no=51013'>Last &rsaquo;&rsaquo;<\/a><\/li>\n\n<\/ul>\n\n\n--><br \/>\n<\/body><\/p>\n","protected":false},"excerpt":{"rendered":"<p>Kiev, 17 feb (PL) Cruentos combates se reportaban hoy en la l\u00ednea del frente entre las tropas ucranianas y las milicias unificadas de Donetsk y Lugansk alrededor de Deb\u00e1ltsevo, pese al alto al fuego decretado hace 48 horas. Informaciones de \u00faltima hora dan cuenta de enfrentamientos en la zona lim\u00edtrofe de las ciudades de Artiomovsk, [&hellip;]<\/p>\n","protected":false},"author":3,"featured_media":0,"comment_status":"open","ping_status":"open","sticky":false,"template":"","format":"standard","meta":{"footnotes":""},"categories":[23],"tags":[],"class_list":["post-255250","post","type-post","status-publish","format-standard","hentry","category-internacional"],"_links":{"self":[{"href":"https:\/\/diariodominicano.com\/index.php?rest_route=\/wp\/v2\/posts\/255250","targetHints":{"allow":["GET"]}}],"collection":[{"href":"https:\/\/diariodominicano.com\/index.php?rest_route=\/wp\/v2\/posts"}],"about":[{"href":"https:\/\/diariodominicano.com\/index.php?rest_route=\/wp\/v2\/types\/post"}],"author":[{"embeddable":true,"href":"https:\/\/diariodominicano.com\/index.php?rest_route=\/wp\/v2\/users\/3"}],"replies":[{"embeddable":true,"href":"https:\/\/diariodominicano.com\/index.php?rest_route=%2Fwp%2Fv2%2Fcomments&post=255250"}],"version-history":[{"count":0,"href":"https:\/\/diariodominicano.com\/index.php?rest_route=\/wp\/v2\/posts\/255250\/revisions"}],"wp:attachment":[{"href":"https:\/\/diariodominicano.com\/index.php?rest_route=%2Fwp%2Fv2%2Fmedia&parent=255250"}],"wp:term":[{"taxonomy":"category","embeddable":true,"href":"https:\/\/diariodominicano.com\/index.php?rest_route=%2Fwp%2Fv2%2Fcategories&post=255250"},{"taxonomy":"post_tag","embeddable":true,"href":"https:\/\/diariodominicano.com\/index.php?rest_route=%2Fwp%2Fv2%2Ftags&post=255250"}],"curies":[{"name":"wp","href":"https:\/\/api.w.org\/{rel}","templated":true}]}}