{"id":255249,"date":"2015-02-17T14:37:16","date_gmt":"2015-02-17T14:37:16","guid":{"rendered":"http:\/\/diariodominicano.ddns.net\/?p=255249"},"modified":"2015-02-17T14:37:16","modified_gmt":"2015-02-17T14:37:16","slug":"canciller-sudafricana-viaja-a-lesotho-a-proposito-de-elecciones","status":"publish","type":"post","link":"https:\/\/diariodominicano.com\/?p=255249","title":{"rendered":"&#13;&#13;Canciller sudafricana viaja a Lesotho a prop\u00f3sito de elecciones\t\t\t&#13;"},"content":{"rendered":"<p><body><\/p>\n<p><span class=\"text1noticias\">Pretoria, 17 feb (PL) La ministra sudafricana de Relaciones Internacionales y de Cooperaci\u00f3n, Maite Nkoana-Mashabane, lleg\u00f3 hoy a Lesotho antes del lanzamiento de la misi\u00f3n de observaci\u00f3n electoral de la Comunidad de Desarrollo de \u00c1frica Austral (SADC).<\/span><\/p>\n<\/p>\n<p><span class=\"text1noticias\">Mashabane viaj\u00f3 en representaci\u00f3n del presidente Jacob Zuma, quien encabeza el \u00f3rgano de la SADC sobre la pol\u00edtica, defensa y cooperaci\u00f3n en seguridad, precis\u00f3 el Departamento de Relaciones Internacionales en un comunicado.<\/span><\/p>\n<\/p>\n<p><span class=\"text1noticias\">El \u00f3rgano es responsable del mantenimiento de la paz y la estabilidad en la regi\u00f3n.<\/span><\/p>\n<\/p>\n<p><span class=\"text1noticias\">Lesotho celebrar\u00e1 sus elecciones generales el pr\u00f3ximo 28 de febrero en un ambiente tenso. En todos los distritos de ese reino monta\u00f1oso ser\u00e1n desplegados los integrantes de la misi\u00f3n de observadores electorales.<\/span><\/p>\n<\/p>\n<p><span class=\"text1noticias\">A principios de febrero, Zuma recibi\u00f3 a una delegaci\u00f3n del gobierno de coalici\u00f3n dirigido por el primer ministro, Tom Thabane, que expres\u00f3 su preocupaci\u00f3n por la seguridad, as\u00ed como la violaci\u00f3n de acuerdos.<\/span><\/p>\n<\/p>\n<p><span class=\"text1noticias\">Un reporte de la cadena estatal SABC, se\u00f1al\u00f3 que Thabane pidi\u00f3 tambi\u00e9n m\u00e1s apoyo a la SADC para la celebraci\u00f3n de la jornada electoral.<\/span><\/p>\n<\/p>\n<p><span class=\"text1noticias\">El viernes el vicepresidente de Sud\u00e1frica, Cyril Ramaphosa, facilitador de la SADC, se traslad\u00f3 a Lesotho y dijo que todo estaba listo para las elecciones.<\/span><\/p>\n<\/p>\n<p><span class=\"text1noticias\">Durante su estancia en Maseru, Ramaphosa realiz\u00f3 una visita de cortes\u00eda al Rey Letsie III y se reuni\u00f3, entre otros, con l\u00edderes de la iglesia, jefes tradicionales, la sociedad civil, funcionarios clave y actores pol\u00edticos.<\/span><\/p>\n<\/p>\n<p><span class=\"text1noticias\">Las tensiones resurgieron tras ser baleados dos miembros del equipo de seguridad de Thabane. A tono con algunas fuentes, ambos habr\u00edan alertado al premier de la intentona de golpe de estado del 30 de agosto \u00faltimo.<\/span><\/p>\n<\/p>\n<p><span class=\"text1noticias\">Por otro lado, un compromiso entre las partes pol\u00edticas estableci\u00f3 que en Lesotho se abstendr\u00edan de nombrar y despedir, ascender o degradar altos funcionarios antes de las elecciones.<\/span><\/p>\n<\/p>\n<p><span class=\"text1noticias\">Sin embargo, Thabane nombr\u00f3 al presidente de la Corte de Apelaciones, adem\u00e1s promovi\u00f3 a un oficial de polic\u00eda de alto rango para convertirse en Comisionado Adjunto.<\/span><\/p>\n<\/p>\n<p><span class=\"text1noticias\">Esto a\u00f1adi\u00f3 m\u00e1s le\u00f1a al fuego de una crisis pol\u00edtica que fue increment\u00e1ndose desde junio de 2014, cuando Thabane suspendi\u00f3 el Parlamento.<\/span><\/p>\n<\/p>\n<p><span class=\"text1noticias\">Despu\u00e9s de su independencia del Reino Unido en 1966, han sido frecuentes las asonadas militares en Lesotho (geogr\u00e1ficamente enclavado dentro de Sud\u00e1frica), cuya poblaci\u00f3n de unos dos millones de habitantes viven en extrema pobreza.<\/span><\/p>\n<\/p>\n<p><span class=\"text1noticias\">Las elecciones del 28 ocurrir\u00e1n dos a\u00f1os antes de lo inicialmente previsto, seg\u00fan los acuerdos.<\/span><\/p>\n<h6> 2015-02-17 14:37:16 <\/h6>\n<p><!--\n<link rel=\"stylesheet\" href=\"css\/bootstrap.min.css\">\n\n\n<ul class=\"pagination\">\n\t    \n\t\n\n<li >\n\t<a href='?page_no=24893'>Previous<\/a>\n\t<\/li>\n\n\n       \n    \n\n<li><a href='?page_no=1'>1<\/a><\/li>\n\n\n\n<li><a href='?page_no=2'>2<\/a><\/li>\n\n\n\n<li><a>...<\/a><\/li>\n\n\n\n<li><a href='?page_no=24892'>24892<\/a><\/li>\n\n\n\n<li><a href='?page_no=24893'>24893<\/a><\/li>\n\n\n\n<li class='active'><a>24894<\/a><\/li>\n\n\n\n<li><a href='?page_no=24895'>24895<\/a><\/li>\n\n\n\n<li><a href='?page_no=24896'>24896<\/a><\/li>\n\n\n\n<li><a>...<\/a><\/li>\n\n\n\n<li><a href='?page_no=51012'>51012<\/a><\/li>\n\n\n\n<li><a href='?page_no=51013'>51013<\/a><\/li>\n\n    \n\t\n\n<li >\n\t<a href='?page_no=24895'>Next<\/a>\n\t<\/li>\n\n\n    \n\n<li><a href='?page_no=51013'>Last &rsaquo;&rsaquo;<\/a><\/li>\n\n<\/ul>\n\n\n--><br \/>\n<\/body><\/p>\n","protected":false},"excerpt":{"rendered":"<p>Pretoria, 17 feb (PL) La ministra sudafricana de Relaciones Internacionales y de Cooperaci\u00f3n, Maite Nkoana-Mashabane, lleg\u00f3 hoy a Lesotho antes del lanzamiento de la misi\u00f3n de observaci\u00f3n electoral de la Comunidad de Desarrollo de \u00c1frica Austral (SADC). Mashabane viaj\u00f3 en representaci\u00f3n del presidente Jacob Zuma, quien encabeza el \u00f3rgano de la SADC sobre la pol\u00edtica, [&hellip;]<\/p>\n","protected":false},"author":3,"featured_media":0,"comment_status":"open","ping_status":"open","sticky":false,"template":"","format":"standard","meta":{"footnotes":""},"categories":[23],"tags":[],"class_list":["post-255249","post","type-post","status-publish","format-standard","hentry","category-internacional"],"_links":{"self":[{"href":"https:\/\/diariodominicano.com\/index.php?rest_route=\/wp\/v2\/posts\/255249","targetHints":{"allow":["GET"]}}],"collection":[{"href":"https:\/\/diariodominicano.com\/index.php?rest_route=\/wp\/v2\/posts"}],"about":[{"href":"https:\/\/diariodominicano.com\/index.php?rest_route=\/wp\/v2\/types\/post"}],"author":[{"embeddable":true,"href":"https:\/\/diariodominicano.com\/index.php?rest_route=\/wp\/v2\/users\/3"}],"replies":[{"embeddable":true,"href":"https:\/\/diariodominicano.com\/index.php?rest_route=%2Fwp%2Fv2%2Fcomments&post=255249"}],"version-history":[{"count":0,"href":"https:\/\/diariodominicano.com\/index.php?rest_route=\/wp\/v2\/posts\/255249\/revisions"}],"wp:attachment":[{"href":"https:\/\/diariodominicano.com\/index.php?rest_route=%2Fwp%2Fv2%2Fmedia&parent=255249"}],"wp:term":[{"taxonomy":"category","embeddable":true,"href":"https:\/\/diariodominicano.com\/index.php?rest_route=%2Fwp%2Fv2%2Fcategories&post=255249"},{"taxonomy":"post_tag","embeddable":true,"href":"https:\/\/diariodominicano.com\/index.php?rest_route=%2Fwp%2Fv2%2Ftags&post=255249"}],"curies":[{"name":"wp","href":"https:\/\/api.w.org\/{rel}","templated":true}]}}