{"id":255248,"date":"2015-02-17T14:43:20","date_gmt":"2015-02-17T14:43:20","guid":{"rendered":"http:\/\/diariodominicano.ddns.net\/?p=255248"},"modified":"2015-02-17T14:43:20","modified_gmt":"2015-02-17T14:43:20","slug":"preocupacion-en-onu-por-combates-en-ciudad-del-sureste-ucraniano","status":"publish","type":"post","link":"https:\/\/diariodominicano.com\/?p=255248","title":{"rendered":"&#13;Preocupaci\u00f3n en ONU por combates en ciudad del sureste ucraniano"},"content":{"rendered":"<p><body><\/p>\n<p><img decoding=\"async\" src=\"img3\/onu1.jpg\" \/>  <\/p>\n<\/p>\n<p>Naciones Unidas, 17 feb (PL) Naciones Unidas manifest\u00f3 hoy preocupaci\u00f3n por el recrudecimiento de los combates y bombardeos en la ciudad de Deb\u00e1ltsevo, sureste de Ucrania, pese al comienzo el domingo de un alto el fuego entre el Gobierno y los rebeldes.<\/p>\n<\/p>\n<p>El vocero de la Oficina del Alto Comisionado para los Derechos Humanos Rupert Colville precis\u00f3 que hasta el momento no se disponen de datos confiables sobre las v\u00edctimas fatales y los heridos por los enfrentamientos en torno a la urbe, considerada un punto de comunicaci\u00f3n estrat\u00e9gico.<\/p>\n<\/p>\n<p>Causan alarma los continuos reportes de la situaci\u00f3n en el terreno, y particular preocupaci\u00f3n por la suerte de los civiles atrapados, quienes buscan refugio, alimentos y agua de manera desesperada, dijo a la prensa en la sede de la ONU en Ginebra.<\/p>\n<\/p>\n<p>Desde antes de la entrada en vigor del alto el fuego, tras el reciente acuerdo de Minsk con el apoyo de Rusia, Francia y Alemania, Deb\u00e1ltsevo era escenario de cruentos combates, por su ubicaci\u00f3n entre Donetsk y Luhansk, territorios declarados rep\u00fablicas por los rebeldes, en rechazo al golpe de Estado de febrero pasado y la postura radical y anti-rusa de las nuevas autoridades de Kiev.<\/p>\n<\/p>\n<p>La anterior semana, las partes pactaron en la capital de Belar\u00fas el cese de hostilidades y el retiro de las armas pesadas hacia zonas de seguridad establecidas, acciones que abrieron cierta esperanza en la b\u00fasqueda de una soluci\u00f3n negociada al conflicto ucraniano.<\/p>\n<\/p>\n<p>Seg\u00fan Colville, m\u00e1s all\u00e1 del panorama en Deb\u00e1ltsevo, la tregua se ha venido cumpliendo en las \u00faltimas 48 horas, lo cual se traduce en una \u00abdram\u00e1tica reducci\u00f3n de las bajas, sobre todo civiles\u00bb.<\/p>\n<\/p>\n<p>No obstante, el vocero pidi\u00f3 a los actores de la crisis respetar en su totalidad lo acordado, al citar informes sobre algunos choques armados.<\/p>\n<\/p>\n<p>Datos de la Oficina del Alto Comisionado de Naciones Unidas para los Derechos Humanos reflejan que de abril de 2014 al 15 de febrero pasado, al menos cinco mil 665 personas perdieron la vida por el conflicto en el sureste de Ucrania, mientras casi 14 mil sufrieron lesiones.<\/p>\n<\/p>\n<p>Respecto a la cifra de desplazados internos y externos, la ONU estima que superan el mill\u00f3n y medio.<\/p>\n<h6> 2015-02-17 14:43:20 <\/h6>\n<p><!--\n<link rel=\"stylesheet\" href=\"css\/bootstrap.min.css\">\n\n\n<ul class=\"pagination\">\n\t    \n\t\n\n<li >\n\t<a href='?page_no=24892'>Previous<\/a>\n\t<\/li>\n\n\n       \n    \n\n<li><a href='?page_no=1'>1<\/a><\/li>\n\n\n\n<li><a href='?page_no=2'>2<\/a><\/li>\n\n\n\n<li><a>...<\/a><\/li>\n\n\n\n<li><a href='?page_no=24891'>24891<\/a><\/li>\n\n\n\n<li><a href='?page_no=24892'>24892<\/a><\/li>\n\n\n\n<li class='active'><a>24893<\/a><\/li>\n\n\n\n<li><a href='?page_no=24894'>24894<\/a><\/li>\n\n\n\n<li><a href='?page_no=24895'>24895<\/a><\/li>\n\n\n\n<li><a>...<\/a><\/li>\n\n\n\n<li><a href='?page_no=51012'>51012<\/a><\/li>\n\n\n\n<li><a href='?page_no=51013'>51013<\/a><\/li>\n\n    \n\t\n\n<li >\n\t<a href='?page_no=24894'>Next<\/a>\n\t<\/li>\n\n\n    \n\n<li><a href='?page_no=51013'>Last &rsaquo;&rsaquo;<\/a><\/li>\n\n<\/ul>\n\n\n--><br \/>\n<\/body><\/p>\n","protected":false},"excerpt":{"rendered":"<p>Naciones Unidas, 17 feb (PL) Naciones Unidas manifest\u00f3 hoy preocupaci\u00f3n por el recrudecimiento de los combates y bombardeos en la ciudad de Deb\u00e1ltsevo, sureste de Ucrania, pese al comienzo el domingo de un alto el fuego entre el Gobierno y los rebeldes. El vocero de la Oficina del Alto Comisionado para los Derechos Humanos Rupert [&hellip;]<\/p>\n","protected":false},"author":3,"featured_media":0,"comment_status":"open","ping_status":"open","sticky":false,"template":"","format":"standard","meta":{"footnotes":""},"categories":[23],"tags":[],"class_list":["post-255248","post","type-post","status-publish","format-standard","hentry","category-internacional"],"_links":{"self":[{"href":"https:\/\/diariodominicano.com\/index.php?rest_route=\/wp\/v2\/posts\/255248","targetHints":{"allow":["GET"]}}],"collection":[{"href":"https:\/\/diariodominicano.com\/index.php?rest_route=\/wp\/v2\/posts"}],"about":[{"href":"https:\/\/diariodominicano.com\/index.php?rest_route=\/wp\/v2\/types\/post"}],"author":[{"embeddable":true,"href":"https:\/\/diariodominicano.com\/index.php?rest_route=\/wp\/v2\/users\/3"}],"replies":[{"embeddable":true,"href":"https:\/\/diariodominicano.com\/index.php?rest_route=%2Fwp%2Fv2%2Fcomments&post=255248"}],"version-history":[{"count":0,"href":"https:\/\/diariodominicano.com\/index.php?rest_route=\/wp\/v2\/posts\/255248\/revisions"}],"wp:attachment":[{"href":"https:\/\/diariodominicano.com\/index.php?rest_route=%2Fwp%2Fv2%2Fmedia&parent=255248"}],"wp:term":[{"taxonomy":"category","embeddable":true,"href":"https:\/\/diariodominicano.com\/index.php?rest_route=%2Fwp%2Fv2%2Fcategories&post=255248"},{"taxonomy":"post_tag","embeddable":true,"href":"https:\/\/diariodominicano.com\/index.php?rest_route=%2Fwp%2Fv2%2Ftags&post=255248"}],"curies":[{"name":"wp","href":"https:\/\/api.w.org\/{rel}","templated":true}]}}