{"id":255246,"date":"2015-02-17T15:00:40","date_gmt":"2015-02-17T15:00:40","guid":{"rendered":"http:\/\/diariodominicano.ddns.net\/?p=255246"},"modified":"2015-02-17T15:00:40","modified_gmt":"2015-02-17T15:00:40","slug":"senador-colombiano-propone-escuchar-a-las-farc-ep-en-el-congreso","status":"publish","type":"post","link":"https:\/\/diariodominicano.com\/?p=255246","title":{"rendered":"&#13;Senador colombiano propone escuchar a las FARC-EP en el congreso\t\t\t&#13;"},"content":{"rendered":"<p><body><\/p>\n<\/p>\n<p><span class=\"text1noticias\">Bogot\u00e1, 17 feb (PL) El legislador colombiano Jimmy Chamorro propuso hoy que el congreso escuche a voceros de las insurgentes FARC-EP, movimiento que dialoga actualmente con el Gobierno para hallar una salida negociada al conflicto interno, prolongado durante m\u00e1s de medio siglo.<\/span><\/p>\n<\/p>\n<p><span class=\"text1noticias\">El presidente de la comisi\u00f3n segunda del senado -encargada de asuntos de seguridad nacional- sugiri\u00f3 que el parlamento le d\u00e9 la palabra a las Fuerzas Armadas Revolucionarias de Colombia-Ej\u00e9rcito del Pueblo (FARC-EP) para conocer sus puntos de vista, cuando el proceso de paz est\u00e9 m\u00e1s consolidado y en una fase de no retorno, precis\u00f3.<\/span><\/p>\n<\/p>\n<p><span class=\"text1noticias\">Tal sugerencia ocurre en medio de expectativas por los avances de las conversaciones entre ambas partes beligerantes, las cuales proseguir\u00e1n con la discusi\u00f3n de temas m\u00e1s complejos: justicia transicional y fin de la confrontaci\u00f3n, el cual abarca los puntos de dejaci\u00f3n de las armas, desmovilizaci\u00f3n y reintegraci\u00f3n a la sociedad de los guerrilleros.<\/span><\/p>\n<\/p>\n<p><span class=\"text1noticias\">Por qu\u00e9 no podemos abrir los micr\u00f3fonos para que integrantes de las FARC-EP se expresen en el congreso tambi\u00e9n, insisti\u00f3 Chamorro citado por el portal digital de El Espectador.<\/span><\/p>\n<\/p>\n<p><span class=\"text1noticias\">Al responder cuestionamientos de detractores, record\u00f3 que los miembros de ese movimiento guerrillero ser\u00e1n nuevos actores pol\u00edticos, una vez finalizada la confrontaci\u00f3n interna.<\/span><\/p>\n<\/p>\n<p><span class=\"text1noticias\">Equipos del Ejecutivo y de las FARC-EP platican en La Habana desde 2012 para terminar la guerra, que perjudic\u00f3 de forma directa a 6,8 millones de ciudadanos.<\/span><\/p>\n<\/p>\n<p><span class=\"text1noticias\">Ese registro incluye m\u00e1s de 230 mil muertos, adem\u00e1s de desplazados, secuestrados y desaparecidos.<\/span><\/p>\n<\/p>\n<p><span class=\"text1noticias\">El siguiente ciclo de negociaciones comenzar\u00e1 el venidero 25 de febrero en Cuba.<\/span><\/p>\n<\/p>\n<h6> 2015-02-17 15:00:40 <\/h6>\n<p><!--\n<link rel=\"stylesheet\" href=\"css\/bootstrap.min.css\">\n\n\n<ul class=\"pagination\">\n\t    \n\t\n\n<li >\n\t<a href='?page_no=24890'>Previous<\/a>\n\t<\/li>\n\n\n       \n    \n\n<li><a href='?page_no=1'>1<\/a><\/li>\n\n\n\n<li><a href='?page_no=2'>2<\/a><\/li>\n\n\n\n<li><a>...<\/a><\/li>\n\n\n\n<li><a href='?page_no=24889'>24889<\/a><\/li>\n\n\n\n<li><a href='?page_no=24890'>24890<\/a><\/li>\n\n\n\n<li class='active'><a>24891<\/a><\/li>\n\n\n\n<li><a href='?page_no=24892'>24892<\/a><\/li>\n\n\n\n<li><a href='?page_no=24893'>24893<\/a><\/li>\n\n\n\n<li><a>...<\/a><\/li>\n\n\n\n<li><a href='?page_no=51012'>51012<\/a><\/li>\n\n\n\n<li><a href='?page_no=51013'>51013<\/a><\/li>\n\n    \n\t\n\n<li >\n\t<a href='?page_no=24892'>Next<\/a>\n\t<\/li>\n\n\n    \n\n<li><a href='?page_no=51013'>Last &rsaquo;&rsaquo;<\/a><\/li>\n\n<\/ul>\n\n\n--><br \/>\n<\/body><\/p>\n","protected":false},"excerpt":{"rendered":"<p>Bogot\u00e1, 17 feb (PL) El legislador colombiano Jimmy Chamorro propuso hoy que el congreso escuche a voceros de las insurgentes FARC-EP, movimiento que dialoga actualmente con el Gobierno para hallar una salida negociada al conflicto interno, prolongado durante m\u00e1s de medio siglo. El presidente de la comisi\u00f3n segunda del senado -encargada de asuntos de seguridad [&hellip;]<\/p>\n","protected":false},"author":3,"featured_media":0,"comment_status":"open","ping_status":"open","sticky":false,"template":"","format":"standard","meta":{"footnotes":""},"categories":[23],"tags":[],"class_list":["post-255246","post","type-post","status-publish","format-standard","hentry","category-internacional"],"_links":{"self":[{"href":"https:\/\/diariodominicano.com\/index.php?rest_route=\/wp\/v2\/posts\/255246","targetHints":{"allow":["GET"]}}],"collection":[{"href":"https:\/\/diariodominicano.com\/index.php?rest_route=\/wp\/v2\/posts"}],"about":[{"href":"https:\/\/diariodominicano.com\/index.php?rest_route=\/wp\/v2\/types\/post"}],"author":[{"embeddable":true,"href":"https:\/\/diariodominicano.com\/index.php?rest_route=\/wp\/v2\/users\/3"}],"replies":[{"embeddable":true,"href":"https:\/\/diariodominicano.com\/index.php?rest_route=%2Fwp%2Fv2%2Fcomments&post=255246"}],"version-history":[{"count":0,"href":"https:\/\/diariodominicano.com\/index.php?rest_route=\/wp\/v2\/posts\/255246\/revisions"}],"wp:attachment":[{"href":"https:\/\/diariodominicano.com\/index.php?rest_route=%2Fwp%2Fv2%2Fmedia&parent=255246"}],"wp:term":[{"taxonomy":"category","embeddable":true,"href":"https:\/\/diariodominicano.com\/index.php?rest_route=%2Fwp%2Fv2%2Fcategories&post=255246"},{"taxonomy":"post_tag","embeddable":true,"href":"https:\/\/diariodominicano.com\/index.php?rest_route=%2Fwp%2Fv2%2Ftags&post=255246"}],"curies":[{"name":"wp","href":"https:\/\/api.w.org\/{rel}","templated":true}]}}