{"id":255245,"date":"2015-02-17T22:55:14","date_gmt":"2015-02-17T22:55:14","guid":{"rendered":"http:\/\/diariodominicano.ddns.net\/?p=255245"},"modified":"2015-02-17T22:55:14","modified_gmt":"2015-02-17T22:55:14","slug":"eeuu-y-cuba-reanudaran-a-fin-de-mes-conversaciones-sobre-normalizacion","status":"publish","type":"post","link":"https:\/\/diariodominicano.com\/?p=255245","title":{"rendered":"EEUU y Cuba reanudar\u00e1n a fin de mes conversaciones sobre normalizaci\u00f3n"},"content":{"rendered":"<p><body><\/p>\n<p><span class=\"text1noticias\">WASHINGTON, 18 feb (Xinhua) &#8212; Estados Unidos y Cuba entablar\u00e1n una nueva ronda de conversaciones sobre la normalizaci\u00f3n de lazos en Washington a fin de mes, confirm\u00f3 hoy el Departamento de Estado.<\/span><\/p>\n<p><span class=\"text1noticias\"> <\/span><\/p>\n<p><span class=\"text1noticias\">\u00abPuedo confirmar que las conversaciones ser\u00e1n entabladas el 27 aqu\u00ed en el Departamento de Estado, el 27 de febrero\u00bb, dijo a los reporteros en la conferencia de prensa diaria la vocera del departamento, Jennifer Psaki.<\/span><\/p>\n<p><span class=\"text1noticias\"> <\/span><\/p>\n<p><span class=\"text1noticias\">Los senadores estadounidenses Mark Warner, Claire McCaskill y Amy Klobuchar viajaron a Cuba el fin de semana en apoyo a una iniciativa patrocinada por Klobuchar para poner fin al embargo comercial impuesto contra Cuba hace m\u00e1s de medio siglo.<\/span><\/p>\n<p><span class=\"text1noticias\"> <\/span><\/p>\n<p><span class=\"text1noticias\">Washington y La Habana entablaron conversaciones \u00abpositivas y productivas\u00bb el mes pasado en la capital cubana sobre la reapertura de embajadas y la normalizaci\u00f3n de lazos y Cuba pidi\u00f3, entre otras cosas, la suspensi\u00f3n del embargo comercial.<\/span><\/p>\n<p><span class=\"text1noticias\"> <\/span><\/p>\n<p><span class=\"text1noticias\"> \u00abEsperamos que las reuniones de la pr\u00f3xima semana en Washington entre el gobierno cubano y el Departamento de Estado estadounidense logren avances\u00bb, dijo Warner a los reporteros hoy en La Habana.<\/span><\/p>\n<p><span class=\"text1noticias\"> <\/span><\/p>\n<p><span class=\"text1noticias\">Tras reconocer \u00abun enfoque anticuado\u00bb hacia Cuba en diciembre, el presidente de Estados Unidos, Barack Obama, anunci\u00f3 medidas junto con el l\u00edder cubano Ra\u00fal Castro para restablecer los lazos con Cuba suspendidos en enero de 1961.<\/span><\/p>\n<h6> 2015-02-17 22:55:14 <\/h6>\n<p><!--\n<link rel=\"stylesheet\" href=\"css\/bootstrap.min.css\">\n\n\n<ul class=\"pagination\">\n\t    \n\t\n\n<li >\n\t<a href='?page_no=24889'>Previous<\/a>\n\t<\/li>\n\n\n       \n    \n\n<li><a href='?page_no=1'>1<\/a><\/li>\n\n\n\n<li><a href='?page_no=2'>2<\/a><\/li>\n\n\n\n<li><a>...<\/a><\/li>\n\n\n\n<li><a href='?page_no=24888'>24888<\/a><\/li>\n\n\n\n<li><a href='?page_no=24889'>24889<\/a><\/li>\n\n\n\n<li class='active'><a>24890<\/a><\/li>\n\n\n\n<li><a href='?page_no=24891'>24891<\/a><\/li>\n\n\n\n<li><a href='?page_no=24892'>24892<\/a><\/li>\n\n\n\n<li><a>...<\/a><\/li>\n\n\n\n<li><a href='?page_no=51012'>51012<\/a><\/li>\n\n\n\n<li><a href='?page_no=51013'>51013<\/a><\/li>\n\n    \n\t\n\n<li >\n\t<a href='?page_no=24891'>Next<\/a>\n\t<\/li>\n\n\n    \n\n<li><a href='?page_no=51013'>Last &rsaquo;&rsaquo;<\/a><\/li>\n\n<\/ul>\n\n\n--><br \/>\n<\/body><\/p>\n","protected":false},"excerpt":{"rendered":"<p>WASHINGTON, 18 feb (Xinhua) &#8212; Estados Unidos y Cuba entablar\u00e1n una nueva ronda de conversaciones sobre la normalizaci\u00f3n de lazos en Washington a fin de mes, confirm\u00f3 hoy el Departamento de Estado. \u00abPuedo confirmar que las conversaciones ser\u00e1n entabladas el 27 aqu\u00ed en el Departamento de Estado, el 27 de febrero\u00bb, dijo a los reporteros [&hellip;]<\/p>\n","protected":false},"author":3,"featured_media":0,"comment_status":"open","ping_status":"open","sticky":false,"template":"","format":"standard","meta":{"footnotes":""},"categories":[23],"tags":[],"class_list":["post-255245","post","type-post","status-publish","format-standard","hentry","category-internacional"],"_links":{"self":[{"href":"https:\/\/diariodominicano.com\/index.php?rest_route=\/wp\/v2\/posts\/255245","targetHints":{"allow":["GET"]}}],"collection":[{"href":"https:\/\/diariodominicano.com\/index.php?rest_route=\/wp\/v2\/posts"}],"about":[{"href":"https:\/\/diariodominicano.com\/index.php?rest_route=\/wp\/v2\/types\/post"}],"author":[{"embeddable":true,"href":"https:\/\/diariodominicano.com\/index.php?rest_route=\/wp\/v2\/users\/3"}],"replies":[{"embeddable":true,"href":"https:\/\/diariodominicano.com\/index.php?rest_route=%2Fwp%2Fv2%2Fcomments&post=255245"}],"version-history":[{"count":0,"href":"https:\/\/diariodominicano.com\/index.php?rest_route=\/wp\/v2\/posts\/255245\/revisions"}],"wp:attachment":[{"href":"https:\/\/diariodominicano.com\/index.php?rest_route=%2Fwp%2Fv2%2Fmedia&parent=255245"}],"wp:term":[{"taxonomy":"category","embeddable":true,"href":"https:\/\/diariodominicano.com\/index.php?rest_route=%2Fwp%2Fv2%2Fcategories&post=255245"},{"taxonomy":"post_tag","embeddable":true,"href":"https:\/\/diariodominicano.com\/index.php?rest_route=%2Fwp%2Fv2%2Ftags&post=255245"}],"curies":[{"name":"wp","href":"https:\/\/api.w.org\/{rel}","templated":true}]}}