{"id":255244,"date":"2015-02-17T22:58:33","date_gmt":"2015-02-17T22:58:33","guid":{"rendered":"http:\/\/diariodominicano.ddns.net\/?p=255244"},"modified":"2015-02-17T22:58:33","modified_gmt":"2015-02-17T22:58:33","slug":"decomisan-260-kilogramos-de-cocaina-en-coche-que-tenia-falsos-emblemas-de-la-onu","status":"publish","type":"post","link":"https:\/\/diariodominicano.com\/?p=255244","title":{"rendered":"Decomisan 260 kilogramos de coca\u00edna en coche que ten\u00eda falsos emblemas de la ONU"},"content":{"rendered":"<p><body><\/p>\n<p><span class=\"text1noticias\">BOGOTA, 18 feb (Xinhua) &#8212; La Polic\u00eda colombiana se incaut\u00f3 de 260 kilogramos de coca\u00edna que estaban ocultos en una camioneta que ten\u00eda emblemas falsos de la Organizaci\u00f3n de Naciones Unidas (ONU), que fue detenida en una carretera del central departamento de Cundinamarca.<\/span><\/p>\n<p><span class=\"text1noticias\"> <\/span><\/p>\n<p><span class=\"text1noticias\">Un reporte policial se\u00f1al\u00f3 hoy que fue capturado un individuo que estaba conduciendo el veh\u00edculo y tiene antecedentes por narcotr\u00e1fico.<\/span><\/p>\n<p><span class=\"text1noticias\"> <\/span><\/p>\n<p><span class=\"text1noticias\">El coche fue detenido luego tras una percusi\u00f3n y se comprob\u00f3 que las placas diplom\u00e1ticas eran falsas. Adem\u00e1s, que los logos de la ONU estaban hechos con cinta, lo que despert\u00f3 sospecha en las autoridades.<\/span><\/p>\n<p><span class=\"text1noticias\"> <\/span><\/p>\n<p><span class=\"text1noticias\">Seg\u00fan la Polic\u00eda, la coca\u00edna pretend\u00eda ser llevada desde el sur del pa\u00eds a la capital colombiana, donde ser\u00eda distribuid<\/span>a.<\/p>\n<h6> 2015-02-17 22:58:33 <\/h6>\n<p><!--\n<link rel=\"stylesheet\" href=\"css\/bootstrap.min.css\">\n\n\n<ul class=\"pagination\">\n\t    \n\t\n\n<li >\n\t<a href='?page_no=24888'>Previous<\/a>\n\t<\/li>\n\n\n       \n    \n\n<li><a href='?page_no=1'>1<\/a><\/li>\n\n\n\n<li><a href='?page_no=2'>2<\/a><\/li>\n\n\n\n<li><a>...<\/a><\/li>\n\n\n\n<li><a href='?page_no=24887'>24887<\/a><\/li>\n\n\n\n<li><a href='?page_no=24888'>24888<\/a><\/li>\n\n\n\n<li class='active'><a>24889<\/a><\/li>\n\n\n\n<li><a href='?page_no=24890'>24890<\/a><\/li>\n\n\n\n<li><a href='?page_no=24891'>24891<\/a><\/li>\n\n\n\n<li><a>...<\/a><\/li>\n\n\n\n<li><a href='?page_no=51012'>51012<\/a><\/li>\n\n\n\n<li><a href='?page_no=51013'>51013<\/a><\/li>\n\n    \n\t\n\n<li >\n\t<a href='?page_no=24890'>Next<\/a>\n\t<\/li>\n\n\n    \n\n<li><a href='?page_no=51013'>Last &rsaquo;&rsaquo;<\/a><\/li>\n\n<\/ul>\n\n\n--><br \/>\n<\/body><\/p>\n","protected":false},"excerpt":{"rendered":"<p>BOGOTA, 18 feb (Xinhua) &#8212; La Polic\u00eda colombiana se incaut\u00f3 de 260 kilogramos de coca\u00edna que estaban ocultos en una camioneta que ten\u00eda emblemas falsos de la Organizaci\u00f3n de Naciones Unidas (ONU), que fue detenida en una carretera del central departamento de Cundinamarca. Un reporte policial se\u00f1al\u00f3 hoy que fue capturado un individuo que estaba [&hellip;]<\/p>\n","protected":false},"author":3,"featured_media":0,"comment_status":"open","ping_status":"open","sticky":false,"template":"","format":"standard","meta":{"footnotes":""},"categories":[23],"tags":[],"class_list":["post-255244","post","type-post","status-publish","format-standard","hentry","category-internacional"],"_links":{"self":[{"href":"https:\/\/diariodominicano.com\/index.php?rest_route=\/wp\/v2\/posts\/255244","targetHints":{"allow":["GET"]}}],"collection":[{"href":"https:\/\/diariodominicano.com\/index.php?rest_route=\/wp\/v2\/posts"}],"about":[{"href":"https:\/\/diariodominicano.com\/index.php?rest_route=\/wp\/v2\/types\/post"}],"author":[{"embeddable":true,"href":"https:\/\/diariodominicano.com\/index.php?rest_route=\/wp\/v2\/users\/3"}],"replies":[{"embeddable":true,"href":"https:\/\/diariodominicano.com\/index.php?rest_route=%2Fwp%2Fv2%2Fcomments&post=255244"}],"version-history":[{"count":0,"href":"https:\/\/diariodominicano.com\/index.php?rest_route=\/wp\/v2\/posts\/255244\/revisions"}],"wp:attachment":[{"href":"https:\/\/diariodominicano.com\/index.php?rest_route=%2Fwp%2Fv2%2Fmedia&parent=255244"}],"wp:term":[{"taxonomy":"category","embeddable":true,"href":"https:\/\/diariodominicano.com\/index.php?rest_route=%2Fwp%2Fv2%2Fcategories&post=255244"},{"taxonomy":"post_tag","embeddable":true,"href":"https:\/\/diariodominicano.com\/index.php?rest_route=%2Fwp%2Fv2%2Ftags&post=255244"}],"curies":[{"name":"wp","href":"https:\/\/api.w.org\/{rel}","templated":true}]}}