{"id":255243,"date":"2015-02-18T13:31:54","date_gmt":"2015-02-18T13:31:54","guid":{"rendered":"http:\/\/diariodominicano.ddns.net\/?p=255243"},"modified":"2015-02-18T13:31:54","modified_gmt":"2015-02-18T13:31:54","slug":"prosiguen-operativos-para-capturar-a-autores-de-masacre-en-colombia","status":"publish","type":"post","link":"https:\/\/diariodominicano.com\/?p=255243","title":{"rendered":"&#13;Prosiguen operativos para capturar a autores de masacre en Colombia\t\t\t&#13;"},"content":{"rendered":"<p><body><\/p>\n<p><img decoding=\"async\" src=\"img3\/caquetam.jpg\" \/>  <\/p>\n<\/p>\n<p><span class=\"text1noticias\">Bogot\u00e1, 18 feb (PL) La polic\u00eda colombiana intensifica hoy la b\u00fasqueda de otros implicados en la masacre de cuatro hermanos menores de edad, ocurrida en el sure\u00f1o departamento de Caquet\u00e1, crimen que enlut\u00f3 al pa\u00eds.<\/span><\/p>\n<\/p>\n<p><span class=\"text1noticias\">En fecha previa fueron capturados varios de los autores del asesinato en serie, el cual suscit\u00f3 la condena de unas 20 mil personas en Florencia, asentamiento rural donde acaecieron los hechos.<\/span><\/p>\n<\/p>\n<p><span class=\"text1noticias\">Una multitudinaria marcha por esa localidad demand\u00f3 el r\u00e1pido esclarecimiento de ese episodio.<\/span><\/p>\n<\/p>\n<p><span class=\"text1noticias\">Los ni\u00f1os resultaron ultimados con tiros de gracia en su propia vivienda, seg\u00fan las primeras versiones la familia hab\u00eda recibido amenazas para que abandonara sus tierras.<\/span><\/p>\n<\/p>\n<p><span class=\"text1noticias\">Otras hip\u00f3tesis refieren que desavenencias entre vecinos pudieron motivar el homicidio m\u00faltiple.<\/span><\/p>\n<\/p>\n<p><span class=\"text1noticias\">Unas cuatro personas fueron detenidas ya por las fuerzas policiales debido a su v\u00ednculo con ese acontecimiento, entre ellas una mujer.<\/span><\/p>\n<\/p>\n<p><span class=\"text1noticias\">Actualmente contin\u00faa la b\u00fasqueda de otros tres individuos presuntamente involucrados en ese suceso, inform\u00f3 RCN La Radio.<\/span><\/p>\n<\/p>\n<p><span class=\"text1noticias\">La v\u00edspera miles de colombianos, entre ellos escolares, salieron a las calles para protestar por lo que consideran una oleada de violencia contra la ni\u00f1ez.<\/span><\/p>\n<\/p>\n<p><span class=\"text1noticias\">Con pa\u00f1uelos y globos blancos, en alusi\u00f3n a la paz, los manifestantes exigieron respeto a la vida y a los derechos de los peque\u00f1os, v\u00edctimas de golpizas, vejaciones sexuales y otros maltratos.<\/span><\/p>\n<\/p>\n<p><span class=\"text1noticias\">Seg\u00fan datos oficiales, unos 13 mil infantes y adolescentes constituyeron blancos de agresiones dentro de sus propios hogares<\/span><\/p>\n<h6> 2015-02-18 13:31:54 <\/h6>\n<p><!--\n<link rel=\"stylesheet\" href=\"css\/bootstrap.min.css\">\n\n\n<ul class=\"pagination\">\n\t    \n\t\n\n<li >\n\t<a href='?page_no=24887'>Previous<\/a>\n\t<\/li>\n\n\n       \n    \n\n<li><a href='?page_no=1'>1<\/a><\/li>\n\n\n\n<li><a href='?page_no=2'>2<\/a><\/li>\n\n\n\n<li><a>...<\/a><\/li>\n\n\n\n<li><a href='?page_no=24886'>24886<\/a><\/li>\n\n\n\n<li><a href='?page_no=24887'>24887<\/a><\/li>\n\n\n\n<li class='active'><a>24888<\/a><\/li>\n\n\n\n<li><a href='?page_no=24889'>24889<\/a><\/li>\n\n\n\n<li><a href='?page_no=24890'>24890<\/a><\/li>\n\n\n\n<li><a>...<\/a><\/li>\n\n\n\n<li><a href='?page_no=51012'>51012<\/a><\/li>\n\n\n\n<li><a href='?page_no=51013'>51013<\/a><\/li>\n\n    \n\t\n\n<li >\n\t<a href='?page_no=24889'>Next<\/a>\n\t<\/li>\n\n\n    \n\n<li><a href='?page_no=51013'>Last &rsaquo;&rsaquo;<\/a><\/li>\n\n<\/ul>\n\n\n--><br \/>\n<\/body><\/p>\n","protected":false},"excerpt":{"rendered":"<p>Bogot\u00e1, 18 feb (PL) La polic\u00eda colombiana intensifica hoy la b\u00fasqueda de otros implicados en la masacre de cuatro hermanos menores de edad, ocurrida en el sure\u00f1o departamento de Caquet\u00e1, crimen que enlut\u00f3 al pa\u00eds. En fecha previa fueron capturados varios de los autores del asesinato en serie, el cual suscit\u00f3 la condena de unas [&hellip;]<\/p>\n","protected":false},"author":3,"featured_media":0,"comment_status":"open","ping_status":"open","sticky":false,"template":"","format":"standard","meta":{"footnotes":""},"categories":[23],"tags":[],"class_list":["post-255243","post","type-post","status-publish","format-standard","hentry","category-internacional"],"_links":{"self":[{"href":"https:\/\/diariodominicano.com\/index.php?rest_route=\/wp\/v2\/posts\/255243","targetHints":{"allow":["GET"]}}],"collection":[{"href":"https:\/\/diariodominicano.com\/index.php?rest_route=\/wp\/v2\/posts"}],"about":[{"href":"https:\/\/diariodominicano.com\/index.php?rest_route=\/wp\/v2\/types\/post"}],"author":[{"embeddable":true,"href":"https:\/\/diariodominicano.com\/index.php?rest_route=\/wp\/v2\/users\/3"}],"replies":[{"embeddable":true,"href":"https:\/\/diariodominicano.com\/index.php?rest_route=%2Fwp%2Fv2%2Fcomments&post=255243"}],"version-history":[{"count":0,"href":"https:\/\/diariodominicano.com\/index.php?rest_route=\/wp\/v2\/posts\/255243\/revisions"}],"wp:attachment":[{"href":"https:\/\/diariodominicano.com\/index.php?rest_route=%2Fwp%2Fv2%2Fmedia&parent=255243"}],"wp:term":[{"taxonomy":"category","embeddable":true,"href":"https:\/\/diariodominicano.com\/index.php?rest_route=%2Fwp%2Fv2%2Fcategories&post=255243"},{"taxonomy":"post_tag","embeddable":true,"href":"https:\/\/diariodominicano.com\/index.php?rest_route=%2Fwp%2Fv2%2Ftags&post=255243"}],"curies":[{"name":"wp","href":"https:\/\/api.w.org\/{rel}","templated":true}]}}