{"id":255242,"date":"2015-02-18T13:36:23","date_gmt":"2015-02-18T13:36:23","guid":{"rendered":"http:\/\/diariodominicano.ddns.net\/?p=255242"},"modified":"2015-02-18T13:36:23","modified_gmt":"2015-02-18T13:36:23","slug":"rusia-exige-a-occidente-responsabilidad-por-situacion-en-ucrania","status":"publish","type":"post","link":"https:\/\/diariodominicano.com\/?p=255242","title":{"rendered":"&#13;&#13;Rusia exige a Occidente responsabilidad por situaci\u00f3n en Ucrania"},"content":{"rendered":"<p><body><\/p>\n<p><img decoding=\"async\" src=\"img3\/lavrov.jpg\" \/>  <\/p>\n<p><span class=\"text1noticias\">\t\t<\/span><\/p>\n<p><span class=\"text1noticias\">  <\/span><\/p>\n<\/p>\n<p><span class=\"text1noticias\">Mosc\u00fa, 18 feb (PL) El ministro de Asuntos Exteriores de Rusia, Serguei Lavrov, advirti\u00f3 hoy de la responsabilidad de Occidente por un agravamiento de la situaci\u00f3n en Ucrania y de evitar el suministro de armas a ese pa\u00eds.<\/span><\/p>\n<\/p>\n<p><span class=\"text1noticias\">Los pol\u00edticos occidentales deben coadyuvar a un arreglo del conflicto ucraniano y no avivar la confrontaci\u00f3n, afirm\u00f3 Lavrov en una reflexi\u00f3n acerca de los acontecimientos en torno a la ciudad de Deb\u00e1ltsevo, en Donbass.<\/span><\/p>\n<\/p>\n<p><span class=\"text1noticias\">Dijo confiar en que pol\u00edticos responsables de Occidente har\u00e1n todo en inter\u00e9s del pueblo y el Estado ucranianos, en lugar de incitar a confrontaciones y mostrar su liderazgo con pronunciamientos improcedentes.<\/span><\/p>\n<\/p>\n<p><span class=\"text1noticias\">Seg\u00fan Lavrov, Estados Unidos usa la complicada situaci\u00f3n en Deb\u00e1ltsevo -donde siguen cercados unos cinco mil militares ucranianos- para suministrar armamentos a Ucrania, cuando incluso los l\u00edderes de Alemania y Francia advirtieron sobre las peligrosas consecuencias para el proceso negociador en curso.<\/span><\/p>\n<\/p>\n<p><span class=\"text1noticias\">Observ\u00f3 asimismo el ministro que las formulaciones del vicepresidente estadounidense Joseph Biden sobre posibles sanciones adicionales a Rusia en caso de incumplirse los acuerdos de Minsk constatan la l\u00ednea no constructiva de Washington.<\/span><\/p>\n<\/p>\n<p><span class=\"text1noticias\">Deb\u00e1ltsevo es un pretexto y nosotros advertimos el 11 de febrero de la necesidad de solucionar ese problema y nos dijeron que \u00abese problema no exist\u00eda\u00bb, subray\u00f3 Lavrov, en referencia a los comentarios p\u00fablicos del presidente Petro Poroshenko, al negar la derrota de las tropas ucranianas en ese frente, epicentro de cruentos combates desde enero.<\/span><\/p>\n<\/p>\n<p><span class=\"text1noticias\">Expres\u00f3 el jefe de la diplomacia rusa que Mosc\u00fa comparte las preocupaciones por la situaci\u00f3n en ese lugar y llama al cese de emplear las armas en un intento de cambiar el estatus quo del 15 de febrero, cuando fue decretado el alto al fuego en la zona de operaciones de combate en el Donbass.<\/span><\/p>\n<\/p>\n<p><span class=\"text1noticias\">Insisti\u00f3 el canciller ruso en que debe prevalecer el sentido com\u00fan para salvar a las personas que est\u00e1n dentro del cerco. La tarea debe ser salvar las vidas, por encima de las ambiciones pol\u00edticas, exterioriz\u00f3 Lavrov.<\/span><\/p>\n<\/p>\n<p><span class=\"text1noticias\">En otro gesto de apoyo a la pacificaci\u00f3n en Ucrania, el presidente de Belar\u00fas, Alexander Lukahsneko, propuso este mi\u00e9rcoles garant\u00edas para la retirada de Deb\u00e1ltsevo de los militares ucranianos y del armamento all\u00ed desplegado.<\/span><\/p>\n<\/p>\n<p><span class=\"text1noticias\">Estamos listos no solo a ser mediadores, sino a poner fin de una manera digna al conflicto en Deb\u00e1ltsevo y apoyar la salida de los soldados de Ucrania, bajo garant\u00eda nuestra y el compromiso de que nunca m\u00e1s combatir\u00e1n, declar\u00f3 Lukashenko.<\/span><\/p>\n<\/p>\n<p><span class=\"text1noticias\">Reiter\u00f3 la disposici\u00f3n de Minsk a nuevas propuestas a las partes en conflictos para resolver ese problema en el transcurso de 24 horas, si es que lo desean Ucrania, Rusia, Donetsk y Lugansk, concluy\u00f3 Lukashenko.<\/span><\/p>\n<\/p>\n<p><span class=\"text1noticias\">Las milicias del Donbass aseguraron este mi\u00e9rcoles que dominan el 90 por ciento del territorio de Deb\u00e1ltsevo, situado en el noreste de Donetsk, camino a Lugansk.<\/span><\/p>\n<\/p>\n<h6> 2015-02-18 13:36:23 <\/h6>\n<p><!--\n<link rel=\"stylesheet\" href=\"css\/bootstrap.min.css\">\n\n\n<ul class=\"pagination\">\n\t    \n\t\n\n<li >\n\t<a href='?page_no=24886'>Previous<\/a>\n\t<\/li>\n\n\n       \n    \n\n<li><a href='?page_no=1'>1<\/a><\/li>\n\n\n\n<li><a href='?page_no=2'>2<\/a><\/li>\n\n\n\n<li><a>...<\/a><\/li>\n\n\n\n<li><a href='?page_no=24885'>24885<\/a><\/li>\n\n\n\n<li><a href='?page_no=24886'>24886<\/a><\/li>\n\n\n\n<li class='active'><a>24887<\/a><\/li>\n\n\n\n<li><a href='?page_no=24888'>24888<\/a><\/li>\n\n\n\n<li><a href='?page_no=24889'>24889<\/a><\/li>\n\n\n\n<li><a>...<\/a><\/li>\n\n\n\n<li><a href='?page_no=51012'>51012<\/a><\/li>\n\n\n\n<li><a href='?page_no=51013'>51013<\/a><\/li>\n\n    \n\t\n\n<li >\n\t<a href='?page_no=24888'>Next<\/a>\n\t<\/li>\n\n\n    \n\n<li><a href='?page_no=51013'>Last &rsaquo;&rsaquo;<\/a><\/li>\n\n<\/ul>\n\n\n--><br \/>\n<\/body><\/p>\n","protected":false},"excerpt":{"rendered":"<p>Mosc\u00fa, 18 feb (PL) El ministro de Asuntos Exteriores de Rusia, Serguei Lavrov, advirti\u00f3 hoy de la responsabilidad de Occidente por un agravamiento de la situaci\u00f3n en Ucrania y de evitar el suministro de armas a ese pa\u00eds. Los pol\u00edticos occidentales deben coadyuvar a un arreglo del conflicto ucraniano y no avivar la confrontaci\u00f3n, afirm\u00f3 [&hellip;]<\/p>\n","protected":false},"author":3,"featured_media":0,"comment_status":"open","ping_status":"open","sticky":false,"template":"","format":"standard","meta":{"footnotes":""},"categories":[23],"tags":[],"class_list":["post-255242","post","type-post","status-publish","format-standard","hentry","category-internacional"],"_links":{"self":[{"href":"https:\/\/diariodominicano.com\/index.php?rest_route=\/wp\/v2\/posts\/255242","targetHints":{"allow":["GET"]}}],"collection":[{"href":"https:\/\/diariodominicano.com\/index.php?rest_route=\/wp\/v2\/posts"}],"about":[{"href":"https:\/\/diariodominicano.com\/index.php?rest_route=\/wp\/v2\/types\/post"}],"author":[{"embeddable":true,"href":"https:\/\/diariodominicano.com\/index.php?rest_route=\/wp\/v2\/users\/3"}],"replies":[{"embeddable":true,"href":"https:\/\/diariodominicano.com\/index.php?rest_route=%2Fwp%2Fv2%2Fcomments&post=255242"}],"version-history":[{"count":0,"href":"https:\/\/diariodominicano.com\/index.php?rest_route=\/wp\/v2\/posts\/255242\/revisions"}],"wp:attachment":[{"href":"https:\/\/diariodominicano.com\/index.php?rest_route=%2Fwp%2Fv2%2Fmedia&parent=255242"}],"wp:term":[{"taxonomy":"category","embeddable":true,"href":"https:\/\/diariodominicano.com\/index.php?rest_route=%2Fwp%2Fv2%2Fcategories&post=255242"},{"taxonomy":"post_tag","embeddable":true,"href":"https:\/\/diariodominicano.com\/index.php?rest_route=%2Fwp%2Fv2%2Ftags&post=255242"}],"curies":[{"name":"wp","href":"https:\/\/api.w.org\/{rel}","templated":true}]}}