{"id":255240,"date":"2015-02-18T13:44:20","date_gmt":"2015-02-18T13:44:20","guid":{"rendered":"http:\/\/diariodominicano.ddns.net\/?p=255240"},"modified":"2015-02-18T13:44:20","modified_gmt":"2015-02-18T13:44:20","slug":"papa-insta-a-buscar-autenticas-y-sostenibles-soluciones-para-libia","status":"publish","type":"post","link":"https:\/\/diariodominicano.com\/?p=255240","title":{"rendered":"&#13;&#13;&#13;Papa insta a buscar aut\u00e9nticas y sostenibles soluciones para Libia"},"content":{"rendered":"<p><body><\/p>\n<p><span class=\"text1noticias\">\t\t<\/span><\/p>\n<\/p>\n<p><span class=\"text1noticias\">Roma, 18 feb (PL) El papa Francisco inst\u00f3 hoy a la comunidad internacional a buscar soluciones pac\u00edficas en Libia y mostr\u00f3, adem\u00e1s, su esperanza sobre el establecimiento de una paz duradera en regiones como Medio Oriente, el norte de \u00c1frica o Ucrania.<\/span><\/p>\n<\/p>\n<p><span class=\"text1noticias\">Defendi\u00f3, asimismo, el hecho de que la fraternidad vuelva al centro de las sociedades tecn\u00f3cratas y burocr\u00e1ticas actuales, pues, seg\u00fan considera, sin este valor, la libertad y la igualdad se convierten en individualismo y conformismo.<\/span><\/p>\n<\/p>\n<p><span class=\"text1noticias\">Orient\u00e9monos sin descanso hacia la convivencia pac\u00edfica, al recordar, sobre todo, a las miles de v\u00edctimas resultantes de los enfrentamientos, a los heridos, a los refugiados, sentenci\u00f3 el Sumo Pont\u00edfice.<\/span><\/p>\n<\/p>\n<p><span class=\"text1noticias\">Seg\u00fan la web oficial de Radio Vaticano, el Papa aleg\u00f3 sentir uno de los mayores pesares de su vida al recordar las consecuencias nefastas de la guerra y de los conflictos inter\u00e9tnicos.<\/span><\/p>\n<\/p>\n<p><span class=\"text1noticias\">Pero m\u00e1s a\u00fan, puntualiz\u00f3 Francisco, mi alma se estremece al ver c\u00f3mo las soluciones que hasta ahora se buscan, o las supuestas ayudas para resolver las situaciones de tensi\u00f3n, no cumplen los objetivos esperados, en su opini\u00f3n, debido a intereses contrapuestos en los propios organismos internacionales.<\/span><\/p>\n<\/p>\n<p><span class=\"text1noticias\">Comentarios difundidos en medios de comunicaci\u00f3n indicaron que el secretario de Estado de la Santa Sede, el cardenal Pietro Parolin, asegur\u00f3 recientemente la necesidad de intervenir en Libia, bajo el paraguas de la ONU y un consenso general.<\/span><\/p>\n<\/p>\n<p><span class=\"text1noticias\">No obstante, muchos investigadores consideran que el papel ejercido por las Naciones Unidas en los \u00faltimos conflictos catalogados como de de car\u00e1cter global es cuestionable y, por otra parte, las cr\u00edticas al Consejo de Seguridad no cesan desde la opini\u00f3n p\u00fablica en diversas partes del mundo.<\/span><\/p>\n<\/p>\n<p><span class=\"text1noticias\">Seg\u00fan Parolin, el avance del Estado Isl\u00e1mico (EI) en ese pa\u00eds del norte de \u00c1frica debe ser contenido de inmediato.<\/span><\/p>\n<\/p>\n<p><span class=\"text1noticias\">Sin embargo, algunos especialistas plantean que en Libia realmente no est\u00e1 operando el EI, sino grupos extremistas, aunque en videos difundidos hace pocos d\u00edas los mismos se declararon adeptos al citado movimiento radical sunita.<\/span><\/p>\n<\/p>\n<p><span class=\"text1noticias\">Otros reportes de analistas publicados por la prensa internacional instan a la cautela y a la no intervenci\u00f3n militar, dada la complejidad del panorama en la naci\u00f3n libia, el cual requiere de un an\u00e1lisis profundo y pormenorizado.<\/span><\/p>\n<\/p>\n<p><span class=\"text1noticias\">Ese ambiente de pol\u00e9mica creci\u00f3 tras conocerse la ejecuci\u00f3n de una veintena de cristianos coptos egipcios en Libia a manos de supuestas agrupaciones yihadistas.<\/span><\/p>\n<\/p>\n<p><span class=\"text1noticias\">Por otra parte, el Santo Padre tambi\u00e9n se refiri\u00f3 durante la audiencia general celebrada en la Plaza de San Pedro a la crisis en Ucrania y asegur\u00f3 unirse a las oraciones de los obispos de ese pa\u00eds para que se establezca definitivamente una paz duradera.<\/span><\/p>\n<\/p>\n<h6> 2015-02-18 13:44:20 <\/h6>\n<p><!--\n<link rel=\"stylesheet\" href=\"css\/bootstrap.min.css\">\n\n\n<ul class=\"pagination\">\n\t    \n\t\n\n<li >\n\t<a href='?page_no=24884'>Previous<\/a>\n\t<\/li>\n\n\n       \n    \n\n<li><a href='?page_no=1'>1<\/a><\/li>\n\n\n\n<li><a href='?page_no=2'>2<\/a><\/li>\n\n\n\n<li><a>...<\/a><\/li>\n\n\n\n<li><a href='?page_no=24883'>24883<\/a><\/li>\n\n\n\n<li><a href='?page_no=24884'>24884<\/a><\/li>\n\n\n\n<li class='active'><a>24885<\/a><\/li>\n\n\n\n<li><a href='?page_no=24886'>24886<\/a><\/li>\n\n\n\n<li><a href='?page_no=24887'>24887<\/a><\/li>\n\n\n\n<li><a>...<\/a><\/li>\n\n\n\n<li><a href='?page_no=51012'>51012<\/a><\/li>\n\n\n\n<li><a href='?page_no=51013'>51013<\/a><\/li>\n\n    \n\t\n\n<li >\n\t<a href='?page_no=24886'>Next<\/a>\n\t<\/li>\n\n\n    \n\n<li><a href='?page_no=51013'>Last &rsaquo;&rsaquo;<\/a><\/li>\n\n<\/ul>\n\n\n--><br \/>\n<\/body><\/p>\n","protected":false},"excerpt":{"rendered":"<p>Roma, 18 feb (PL) El papa Francisco inst\u00f3 hoy a la comunidad internacional a buscar soluciones pac\u00edficas en Libia y mostr\u00f3, adem\u00e1s, su esperanza sobre el establecimiento de una paz duradera en regiones como Medio Oriente, el norte de \u00c1frica o Ucrania. Defendi\u00f3, asimismo, el hecho de que la fraternidad vuelva al centro de las [&hellip;]<\/p>\n","protected":false},"author":3,"featured_media":0,"comment_status":"open","ping_status":"open","sticky":false,"template":"","format":"standard","meta":{"footnotes":""},"categories":[23],"tags":[],"class_list":["post-255240","post","type-post","status-publish","format-standard","hentry","category-internacional"],"_links":{"self":[{"href":"https:\/\/diariodominicano.com\/index.php?rest_route=\/wp\/v2\/posts\/255240","targetHints":{"allow":["GET"]}}],"collection":[{"href":"https:\/\/diariodominicano.com\/index.php?rest_route=\/wp\/v2\/posts"}],"about":[{"href":"https:\/\/diariodominicano.com\/index.php?rest_route=\/wp\/v2\/types\/post"}],"author":[{"embeddable":true,"href":"https:\/\/diariodominicano.com\/index.php?rest_route=\/wp\/v2\/users\/3"}],"replies":[{"embeddable":true,"href":"https:\/\/diariodominicano.com\/index.php?rest_route=%2Fwp%2Fv2%2Fcomments&post=255240"}],"version-history":[{"count":0,"href":"https:\/\/diariodominicano.com\/index.php?rest_route=\/wp\/v2\/posts\/255240\/revisions"}],"wp:attachment":[{"href":"https:\/\/diariodominicano.com\/index.php?rest_route=%2Fwp%2Fv2%2Fmedia&parent=255240"}],"wp:term":[{"taxonomy":"category","embeddable":true,"href":"https:\/\/diariodominicano.com\/index.php?rest_route=%2Fwp%2Fv2%2Fcategories&post=255240"},{"taxonomy":"post_tag","embeddable":true,"href":"https:\/\/diariodominicano.com\/index.php?rest_route=%2Fwp%2Fv2%2Ftags&post=255240"}],"curies":[{"name":"wp","href":"https:\/\/api.w.org\/{rel}","templated":true}]}}