{"id":255239,"date":"2015-02-18T13:48:15","date_gmt":"2015-02-18T13:48:15","guid":{"rendered":"http:\/\/diariodominicano.ddns.net\/?p=255239"},"modified":"2015-02-18T13:48:15","modified_gmt":"2015-02-18T13:48:15","slug":"progresos-y-desafios-de-lucha-contra-el-ebola-centran-foro-en-onu","status":"publish","type":"post","link":"https:\/\/diariodominicano.com\/?p=255239","title":{"rendered":"Progresos y desaf\u00edos de lucha contra el \u00e9bola centran foro en ONU"},"content":{"rendered":"<p><body><\/p>\n<p><img decoding=\"async\" src=\"img3\/ebola-enfermo.jpg\" \/>  <\/p>\n<\/p>\n<p>Naciones Unidas, 18 feb (PL) La Asamblea General de Naciones Unidas analiza hoy en una plenaria informal los avances y desaf\u00edos del combate a la epidemia de \u00e9bola que afecta a \u00c1frica Occidental, donde se reportan alrededor de nueve mil muertos.<\/p>\n<\/p>\n<p>El foro incluye la presentaci\u00f3n de un reporte del secretario general de la ONU, Ban Ki-moon, que cubre del 1 de enero al 1 de febrero de 2015, e intervenciones del jefe de la Misi\u00f3n de Respuesta de Emergencia al \u00c9bola (Unmeer), Ismail Ould Cheikh Ahmed, y del enviado especial de Naciones Unidas para el tema, David Nabarro.<\/p>\n<\/p>\n<p>La sesi\u00f3n para la que fueron convocados los embajadores de los 193 estados miembros de la organizaci\u00f3n se enmarca en los cinco primeros meses de trabajo de la Unmeer, activada el 19 de septiembre pasado para lidiar con el brote viral que azota en particular a Guinea, Sierra Leona y Liberia.<\/p>\n<\/p>\n<p>Seg\u00fan el informe del Secretario General, la epidemia que comenz\u00f3 a finales de 2013 acumulaba hasta el 1 de febrero, 22 mil 495 casos confirmados, probables y sospechosos, y ocho mil 981 v\u00edctimas fatales.<\/p>\n<\/p>\n<p>Adem\u00e1s de los tres pa\u00edses severamente golpeados por la enfermedad, han sufrido su embate de alguna manera Mali, Nigeria, Senegal, Estados Unidos, Espa\u00f1a y Reino Unido.<\/p>\n<\/p>\n<p>Enero represent\u00f3 en general una reducci\u00f3n significativa en la cifra de nuevos contagios, sin embargo, en los \u00faltimos d\u00edas del per\u00edodo considerado, crecieron por primera vez este a\u00f1o en Sierra Leona (80 casos), Guinea (39) y Liberia (Cinco), precisa.<\/p>\n<\/p>\n<p>Para Ban, lo anterior demuestra que los avances pueden ir seguidos de retrocesos, y la imperiosa necesidad de no bajar la guardia, a partir del criterio de que el triunfo no llegar\u00e1 hasta los cero contagios.<\/p>\n<\/p>\n<p>La ONU atribuye los progresos alcanzados en la lucha contra el \u00e9bola a un mejor seguimiento de los contactos de los pacientes, el tratamiento a los enfermos, la prevenci\u00f3n, los entierros seguros y la participaci\u00f3n de las comunidades en el combate.<\/p>\n<\/p>\n<p>Respecto a los retos a superar para vencer al letal virus, el Secretario General refleja en su reporte la concientizaci\u00f3n de personas que en algunos lugares de las tres naciones m\u00e1s golpeadas siguen ocultando los casos, los sepelios secretos y bajo pr\u00e1cticas peligrosas, la insuficiente vigilancia en determinados distritos y la falta de recursos financieros.<\/p>\n<\/p>\n<p>El informe del diplom\u00e1tico tambi\u00e9n destaca el aporte de la comunidad internacional en el enfrentamiento al brote y la importancia de trabajar en la recuperaci\u00f3n.<\/p>\n<h6> 2015-02-18 13:48:15 <\/h6>\n<p><!--\n<link rel=\"stylesheet\" href=\"css\/bootstrap.min.css\">\n\n\n<ul class=\"pagination\">\n\t    \n\t\n\n<li >\n\t<a href='?page_no=24883'>Previous<\/a>\n\t<\/li>\n\n\n       \n    \n\n<li><a href='?page_no=1'>1<\/a><\/li>\n\n\n\n<li><a href='?page_no=2'>2<\/a><\/li>\n\n\n\n<li><a>...<\/a><\/li>\n\n\n\n<li><a href='?page_no=24882'>24882<\/a><\/li>\n\n\n\n<li><a href='?page_no=24883'>24883<\/a><\/li>\n\n\n\n<li class='active'><a>24884<\/a><\/li>\n\n\n\n<li><a href='?page_no=24885'>24885<\/a><\/li>\n\n\n\n<li><a href='?page_no=24886'>24886<\/a><\/li>\n\n\n\n<li><a>...<\/a><\/li>\n\n\n\n<li><a href='?page_no=51012'>51012<\/a><\/li>\n\n\n\n<li><a href='?page_no=51013'>51013<\/a><\/li>\n\n    \n\t\n\n<li >\n\t<a href='?page_no=24885'>Next<\/a>\n\t<\/li>\n\n\n    \n\n<li><a href='?page_no=51013'>Last &rsaquo;&rsaquo;<\/a><\/li>\n\n<\/ul>\n\n\n--><br \/>\n<\/body><\/p>\n","protected":false},"excerpt":{"rendered":"<p>Naciones Unidas, 18 feb (PL) La Asamblea General de Naciones Unidas analiza hoy en una plenaria informal los avances y desaf\u00edos del combate a la epidemia de \u00e9bola que afecta a \u00c1frica Occidental, donde se reportan alrededor de nueve mil muertos. El foro incluye la presentaci\u00f3n de un reporte del secretario general de la ONU, [&hellip;]<\/p>\n","protected":false},"author":3,"featured_media":0,"comment_status":"open","ping_status":"open","sticky":false,"template":"","format":"standard","meta":{"footnotes":""},"categories":[23],"tags":[],"class_list":["post-255239","post","type-post","status-publish","format-standard","hentry","category-internacional"],"_links":{"self":[{"href":"https:\/\/diariodominicano.com\/index.php?rest_route=\/wp\/v2\/posts\/255239","targetHints":{"allow":["GET"]}}],"collection":[{"href":"https:\/\/diariodominicano.com\/index.php?rest_route=\/wp\/v2\/posts"}],"about":[{"href":"https:\/\/diariodominicano.com\/index.php?rest_route=\/wp\/v2\/types\/post"}],"author":[{"embeddable":true,"href":"https:\/\/diariodominicano.com\/index.php?rest_route=\/wp\/v2\/users\/3"}],"replies":[{"embeddable":true,"href":"https:\/\/diariodominicano.com\/index.php?rest_route=%2Fwp%2Fv2%2Fcomments&post=255239"}],"version-history":[{"count":0,"href":"https:\/\/diariodominicano.com\/index.php?rest_route=\/wp\/v2\/posts\/255239\/revisions"}],"wp:attachment":[{"href":"https:\/\/diariodominicano.com\/index.php?rest_route=%2Fwp%2Fv2%2Fmedia&parent=255239"}],"wp:term":[{"taxonomy":"category","embeddable":true,"href":"https:\/\/diariodominicano.com\/index.php?rest_route=%2Fwp%2Fv2%2Fcategories&post=255239"},{"taxonomy":"post_tag","embeddable":true,"href":"https:\/\/diariodominicano.com\/index.php?rest_route=%2Fwp%2Fv2%2Ftags&post=255239"}],"curies":[{"name":"wp","href":"https:\/\/api.w.org\/{rel}","templated":true}]}}