{"id":255237,"date":"2015-02-18T13:59:35","date_gmt":"2015-02-18T13:59:35","guid":{"rendered":"http:\/\/diariodominicano.ddns.net\/?p=255237"},"modified":"2015-02-18T13:59:35","modified_gmt":"2015-02-18T13:59:35","slug":"senalan-en-filipinas-encubrimiento-a-tragica-operacion-antiterrorista","status":"publish","type":"post","link":"https:\/\/diariodominicano.com\/?p=255237","title":{"rendered":"&#13;Se\u00f1alan en Filipinas encubrimiento a tr\u00e1gica operaci\u00f3n antiterrorista\t\t\t&#13;"},"content":{"rendered":"<p><body><\/p>\n<p><img decoding=\"async\" src=\"img3\/filipinas-policia-muertes.jpg\" \/>  <\/p>\n<\/p>\n<p><span class=\"text1noticias\">Manila, 18 feb (PL) Diputados y analistas pol\u00edticos de Filipinas atribuyen hoy a la presidencia del pa\u00eds la suspensi\u00f3n indefinida por la C\u00e1mara de representantes de las investigaciones sobre la muerte de 44 polic\u00edas en una cat\u00e1strofe operaci\u00f3n antiterrorista.<\/span><\/p>\n<\/p>\n<p><span class=\"text1noticias\">Todav\u00eda se mantiene latente aqu\u00ed en la vida pol\u00edtica y en la opini\u00f3n p\u00fablica la acci\u00f3n llevada a cabo en enero pasado para capturar al experto en explosivo malasio Zulkifli bin Hir, en la que integrantes de la Fuerza Especial de Acci\u00f3n (SAF) cayeron en una emboscada.<\/span><\/p>\n<\/p>\n<p><span class=\"text1noticias\">El l\u00edder de la minor\u00eda del \u00f3rgano legislativo, Neri Colmenares acus\u00f3 al presidente Benigno Aquino y a su renunciante jefe de la polic\u00eda nacional, Alan Purisima, de engavetar el escrutinio del caso, vali\u00e9ndose de la mayor\u00eda parlamentaria de la alianza gubernamental.<\/span><\/p>\n<\/p>\n<p><span class=\"text1noticias\">De momento la c\u00e1mara baja dej\u00f3 el asunto en manos de la Junta de Indagaci\u00f3n de la Polic\u00eda, la que, recuerda el cr\u00edtico legislador, est\u00e1 subordinada a la presidencia y evitar\u00e1 que salga a la luz un resultado demasiado t\u00f3xico para el poder ejecutivo.<\/span><\/p>\n<\/p>\n<p><span class=\"text1noticias\">El analista pol\u00edtico profesor Ramon Casiple, manifest\u00f3 al diario The Manila Times la sospecha de que se quiere echar tierra a los yerros de la operaci\u00f3n cuando la administraci\u00f3n pasa por tiempos dif\u00edciles de p\u00e9rdidas de credibilidad.<\/span><\/p>\n<\/p>\n<p><span class=\"text1noticias\">Para Gie Relova, del grupo laboral Bukluran ng Manggagawang Pilipino, todo indica que Aquino y el embajador estadounidense, Philip Goldberg, est\u00e1n directamente ligados a la tragedia de Mamasapano, escena del incidente, en territorio de mayor\u00eda musulmana en proceso de convertirse en regi\u00f3n aut\u00f3noma.<\/span><\/p>\n<\/p>\n<p><span class=\"text1noticias\">La SAF es un cuerpo de \u00e9lite formado por asesores de Estados Unidos, formalmente bajo la jefatura de la polic\u00eda nacional, pero en la pr\u00e1ctica con mucho m\u00e1s poder de determinaci\u00f3n.<\/span><\/p>\n<\/p>\n<p><span class=\"text1noticias\">Tambi\u00e9n el presidente de la organizaci\u00f3n Voluntarios contra el crimen y la corrupci\u00f3n Dante Jim\u00e9nez, afirma estar convencido de que la C\u00e1mara de Representante tiene la intenci\u00f3n de proteger al presidente contra cualquier responsabilidad con lo ocurrido en Mamasapano.<\/span><\/p>\n<\/p>\n<h6> 2015-02-18 13:59:35 <\/h6>\n<p><!--\n<link rel=\"stylesheet\" href=\"css\/bootstrap.min.css\">\n\n\n<ul class=\"pagination\">\n\t    \n\t\n\n<li >\n\t<a href='?page_no=24881'>Previous<\/a>\n\t<\/li>\n\n\n       \n    \n\n<li><a href='?page_no=1'>1<\/a><\/li>\n\n\n\n<li><a href='?page_no=2'>2<\/a><\/li>\n\n\n\n<li><a>...<\/a><\/li>\n\n\n\n<li><a href='?page_no=24880'>24880<\/a><\/li>\n\n\n\n<li><a href='?page_no=24881'>24881<\/a><\/li>\n\n\n\n<li class='active'><a>24882<\/a><\/li>\n\n\n\n<li><a href='?page_no=24883'>24883<\/a><\/li>\n\n\n\n<li><a href='?page_no=24884'>24884<\/a><\/li>\n\n\n\n<li><a>...<\/a><\/li>\n\n\n\n<li><a href='?page_no=51012'>51012<\/a><\/li>\n\n\n\n<li><a href='?page_no=51013'>51013<\/a><\/li>\n\n    \n\t\n\n<li >\n\t<a href='?page_no=24883'>Next<\/a>\n\t<\/li>\n\n\n    \n\n<li><a href='?page_no=51013'>Last &rsaquo;&rsaquo;<\/a><\/li>\n\n<\/ul>\n\n\n--><br \/>\n<\/body><\/p>\n","protected":false},"excerpt":{"rendered":"<p>Manila, 18 feb (PL) Diputados y analistas pol\u00edticos de Filipinas atribuyen hoy a la presidencia del pa\u00eds la suspensi\u00f3n indefinida por la C\u00e1mara de representantes de las investigaciones sobre la muerte de 44 polic\u00edas en una cat\u00e1strofe operaci\u00f3n antiterrorista. Todav\u00eda se mantiene latente aqu\u00ed en la vida pol\u00edtica y en la opini\u00f3n p\u00fablica la acci\u00f3n [&hellip;]<\/p>\n","protected":false},"author":3,"featured_media":0,"comment_status":"open","ping_status":"open","sticky":false,"template":"","format":"standard","meta":{"footnotes":""},"categories":[23],"tags":[],"class_list":["post-255237","post","type-post","status-publish","format-standard","hentry","category-internacional"],"_links":{"self":[{"href":"https:\/\/diariodominicano.com\/index.php?rest_route=\/wp\/v2\/posts\/255237","targetHints":{"allow":["GET"]}}],"collection":[{"href":"https:\/\/diariodominicano.com\/index.php?rest_route=\/wp\/v2\/posts"}],"about":[{"href":"https:\/\/diariodominicano.com\/index.php?rest_route=\/wp\/v2\/types\/post"}],"author":[{"embeddable":true,"href":"https:\/\/diariodominicano.com\/index.php?rest_route=\/wp\/v2\/users\/3"}],"replies":[{"embeddable":true,"href":"https:\/\/diariodominicano.com\/index.php?rest_route=%2Fwp%2Fv2%2Fcomments&post=255237"}],"version-history":[{"count":0,"href":"https:\/\/diariodominicano.com\/index.php?rest_route=\/wp\/v2\/posts\/255237\/revisions"}],"wp:attachment":[{"href":"https:\/\/diariodominicano.com\/index.php?rest_route=%2Fwp%2Fv2%2Fmedia&parent=255237"}],"wp:term":[{"taxonomy":"category","embeddable":true,"href":"https:\/\/diariodominicano.com\/index.php?rest_route=%2Fwp%2Fv2%2Fcategories&post=255237"},{"taxonomy":"post_tag","embeddable":true,"href":"https:\/\/diariodominicano.com\/index.php?rest_route=%2Fwp%2Fv2%2Ftags&post=255237"}],"curies":[{"name":"wp","href":"https:\/\/api.w.org\/{rel}","templated":true}]}}