{"id":255235,"date":"2015-02-18T14:22:54","date_gmt":"2015-02-18T14:22:54","guid":{"rendered":"http:\/\/diariodominicano.ddns.net\/?p=255235"},"modified":"2015-02-18T14:22:54","modified_gmt":"2015-02-18T14:22:54","slug":"presidenta-argentina-pone-en-marcha-totalidad-de-planta-nuclear","status":"publish","type":"post","link":"https:\/\/diariodominicano.com\/?p=255235","title":{"rendered":"&#13;&#13;Presidenta argentina pone en marcha totalidad de planta nuclear"},"content":{"rendered":"<p><body><\/p>\n<p><img decoding=\"async\" src=\"img3\/centralnuclear_atuchaii.jpg\" \/>  <\/p>\n<p><span class=\"text1noticias\">\t<\/span><\/p>\n<p><span class=\"text1noticias\">  <\/span><\/p>\n<\/p>\n<p><span class=\"text1noticias\">Buenos Aires, 18 feb (PL) La presidenta argentina, Cristina Fern\u00e1ndez, destac\u00f3 hoy la puesta en marcha del 100 por ciento de la central at\u00f3mica Atucha II, y advirti\u00f3 que \u00abeste es un mundo de intereses, donde algunos quieren pa\u00edses subordinados y dominarnos\u00bb.<\/span><\/p>\n<\/p>\n<p><span class=\"text1noticias\">La mandataria encabez\u00f3 este mediod\u00eda un acto en la localidad de Zarate, donde se encuentra la central rebautizada \u00abPresidenta N\u00e9stor Kirchner\u00bb, que en su total potencia generar\u00e1 745 megavatios y aportar\u00e1 electricidad a tres millones de argentinos.<\/span><\/p>\n<\/p>\n<p><span class=\"text1noticias\">Flanqueada por el gobernador bonaerense, Daniel Scioli, y los ministros de Econom\u00eda, Planificaci\u00f3n, Industria y el jefe de Gabinete, la dignataria destac\u00f3 la recuperaci\u00f3n de la industria nuclear por el extinto presidente N\u00e9stor Kirchner y abord\u00f3 el contexto internacional.<\/span><\/p>\n<\/p>\n<p><span class=\"text1noticias\">Asegur\u00f3 que Argentina no es un pa\u00eds aislado. \u00abVivimos en un mundo cruzado por intereses pol\u00edticos que fueron los que clausuraron el proyecto nuclear en los a\u00f1os 90\u00bb, se\u00f1al\u00f3 en el acto transmitido por cadena nacional.<\/span><\/p>\n<\/p>\n<p><span class=\"text1noticias\">E insisti\u00f3: \u00abNo es un mundo de conspiraciones es un mundo de intereses. Quieren que unos est\u00e9n subordinados y otros manden. Pero hay gobiernos como \u00e9ste que no permiten que nadie les marque la cancha\u00bb, recalc\u00f3. \u00abPor eso nos atacan\u00bb, consier\u00f3.<\/span><\/p>\n<\/p>\n<p><span class=\"text1noticias\">En ese sentido, inst\u00f3 a que \u00abno nos trasladen conflictos que no nos son propios\u00bb, y agreg\u00f3 \u00absomos un pa\u00eds pac\u00edfico, somos todos hijos de inmigrantes, nos peleamos m\u00e1s por f\u00fatbol y pol\u00edtica pero jam\u00e1s por las religiones que profesamos\u00bb.<\/span><\/p>\n<\/p>\n<p><span class=\"text1noticias\">De esta manera, hizo referencia a las dos cartas que el canciller H\u00e9ctor Timerman envi\u00f3 ayer a los gobiernos de Estados Unidos e Israel para que \u00abno se utilice a Argentina como lugar de enfrentamiento\u00bb, reiter\u00f3 y llam\u00f3 a leer y reflexionar sobre el texto.<\/span><\/p>\n<\/p>\n<p><span class=\"text1noticias\">Se refiri\u00f3 tambi\u00e9n a quienes criticaron los acuerdos reci\u00e9n pactados con China de sustanciosas inversiones y cooperaci\u00f3n en aras del desarrollo del pa\u00eds.<\/span><\/p>\n<\/p>\n<p><span class=\"text1noticias\">Argentina est\u00e1 abierta al mundo -afirm\u00f3- y \u00abrecibiremos ac\u00e1 y negociaremos con quienes nos brinden iguales condiciones econ\u00f3micas y comerciales\u00bb, dijo en referencia a los convenios sellados en Beijing.<\/span><\/p>\n<\/p>\n<p><span class=\"text1noticias\">Destac\u00f3 que gracias a acuerdos Argentina construir\u00e1 dos importantes represas hidroel\u00e9ctricas en Santa Cruz y edificar\u00e1 igual cantidad de centrales electronucleares con la \u00faltima tecnolog\u00eda desarrollada en este campo.<\/span><\/p>\n<\/p>\n<p><span class=\"text1noticias\">Argentina hoy importa 12 por ciento de energ\u00eda para poder cubrir el suministro, pero con esas nuevas obras y otras en proyecto con el uso de gas natural el pa\u00eds lograr\u00e1 el autoabastecimiento.<\/span><\/p>\n<\/p>\n<p><span class=\"text1noticias\">La Presidenta encomi\u00f3 que la construcci\u00f3n de esa central y el desarrollo de esta industria facilit\u00f3 la capacitaci\u00f3n de cinco mil 220 especialistas en sistema nuclear, mil 780 cient\u00edficos en materia at\u00f3mica, mil 100 profesionales adultos, seis mil 200 j\u00f3venes t\u00e9cnicos y mil 130 soldadores.<\/span><\/p>\n<\/p>\n<p><span class=\"text1noticias\">\u00abPero nuestra ciencia nuclear est\u00e1 dirigida a generar megavatios y mano de obra nacional, no le ponemos bombas ni amenazamos con misiles a nadie\u00bb, recalc\u00f3.<\/span><\/p>\n<\/p>\n<h6> 2015-02-18 14:22:54 <\/h6>\n<p><!--\n<link rel=\"stylesheet\" href=\"css\/bootstrap.min.css\">\n\n\n<ul class=\"pagination\">\n\t    \n\t\n\n<li >\n\t<a href='?page_no=24879'>Previous<\/a>\n\t<\/li>\n\n\n       \n    \n\n<li><a href='?page_no=1'>1<\/a><\/li>\n\n\n\n<li><a href='?page_no=2'>2<\/a><\/li>\n\n\n\n<li><a>...<\/a><\/li>\n\n\n\n<li><a href='?page_no=24878'>24878<\/a><\/li>\n\n\n\n<li><a href='?page_no=24879'>24879<\/a><\/li>\n\n\n\n<li class='active'><a>24880<\/a><\/li>\n\n\n\n<li><a href='?page_no=24881'>24881<\/a><\/li>\n\n\n\n<li><a href='?page_no=24882'>24882<\/a><\/li>\n\n\n\n<li><a>...<\/a><\/li>\n\n\n\n<li><a href='?page_no=51012'>51012<\/a><\/li>\n\n\n\n<li><a href='?page_no=51013'>51013<\/a><\/li>\n\n    \n\t\n\n<li >\n\t<a href='?page_no=24881'>Next<\/a>\n\t<\/li>\n\n\n    \n\n<li><a href='?page_no=51013'>Last &rsaquo;&rsaquo;<\/a><\/li>\n\n<\/ul>\n\n\n--><br \/>\n<\/body><\/p>\n","protected":false},"excerpt":{"rendered":"<p>Buenos Aires, 18 feb (PL) La presidenta argentina, Cristina Fern\u00e1ndez, destac\u00f3 hoy la puesta en marcha del 100 por ciento de la central at\u00f3mica Atucha II, y advirti\u00f3 que \u00abeste es un mundo de intereses, donde algunos quieren pa\u00edses subordinados y dominarnos\u00bb. La mandataria encabez\u00f3 este mediod\u00eda un acto en la localidad de Zarate, donde [&hellip;]<\/p>\n","protected":false},"author":3,"featured_media":0,"comment_status":"open","ping_status":"open","sticky":false,"template":"","format":"standard","meta":{"footnotes":""},"categories":[23],"tags":[],"class_list":["post-255235","post","type-post","status-publish","format-standard","hentry","category-internacional"],"_links":{"self":[{"href":"https:\/\/diariodominicano.com\/index.php?rest_route=\/wp\/v2\/posts\/255235","targetHints":{"allow":["GET"]}}],"collection":[{"href":"https:\/\/diariodominicano.com\/index.php?rest_route=\/wp\/v2\/posts"}],"about":[{"href":"https:\/\/diariodominicano.com\/index.php?rest_route=\/wp\/v2\/types\/post"}],"author":[{"embeddable":true,"href":"https:\/\/diariodominicano.com\/index.php?rest_route=\/wp\/v2\/users\/3"}],"replies":[{"embeddable":true,"href":"https:\/\/diariodominicano.com\/index.php?rest_route=%2Fwp%2Fv2%2Fcomments&post=255235"}],"version-history":[{"count":0,"href":"https:\/\/diariodominicano.com\/index.php?rest_route=\/wp\/v2\/posts\/255235\/revisions"}],"wp:attachment":[{"href":"https:\/\/diariodominicano.com\/index.php?rest_route=%2Fwp%2Fv2%2Fmedia&parent=255235"}],"wp:term":[{"taxonomy":"category","embeddable":true,"href":"https:\/\/diariodominicano.com\/index.php?rest_route=%2Fwp%2Fv2%2Fcategories&post=255235"},{"taxonomy":"post_tag","embeddable":true,"href":"https:\/\/diariodominicano.com\/index.php?rest_route=%2Fwp%2Fv2%2Ftags&post=255235"}],"curies":[{"name":"wp","href":"https:\/\/api.w.org\/{rel}","templated":true}]}}