{"id":255234,"date":"2015-02-18T21:15:16","date_gmt":"2015-02-18T21:15:16","guid":{"rendered":"http:\/\/diariodominicano.ddns.net\/?p=255234"},"modified":"2015-02-18T21:15:16","modified_gmt":"2015-02-18T21:15:16","slug":"victimas-de-accidente-en-haiti-aumentan-a-18","status":"publish","type":"post","link":"https:\/\/diariodominicano.com\/?p=255234","title":{"rendered":"V\u00edctimas de accidente en Hait\u00ed aumentan a 18"},"content":{"rendered":"<p><body><\/p>\n<p>Hait\u00ed, 18 feb (Xinhua) &#8212; El n\u00famero de v\u00edctimas del accidente ocurrido la v\u00edspera durante el desfile de carnaval de Hait\u00ed aument\u00f3 a 18, confirm\u00f3 hoy el gobierno haitiano, que empez\u00f3 a recibir mensajes de solidaridad de varias pa\u00edses y de organismos internacionales.<\/p>\n<\/p>\n<p>El Ministerio de Comunicaci\u00f3n se\u00f1al\u00f3 este mi\u00e9rcoles que oficialmente se registraron tres v\u00edctimas m\u00e1s de la tragedia que enlut\u00f3 a la naci\u00f3n, y anunci\u00f3 una serie de acciones para ayudar a los familiares de las personas fallecidas y para evitar en el futuro eventos similares.<\/p>\n<\/p>\n<p>Debido al hecho, el gobierno haitiano suspendi\u00f3 las fiestas de carnaval y declar\u00f3 72 horas de duelo nacional a partir de este mi\u00e9rcoles, cuando las banderas empezaron a ondear a media asta en todos los edificios p\u00fablicos y entidades estatales.<\/p>\n<\/p>\n<p>El accidente se produjo la madrugada del martes en los alrededores del palacio de gobierno, cuando los conductores de una carroza intentaron levantar un cable de alta tensi\u00f3n para facilitar el paso del veh\u00edculo, causando un corto circuito que mat\u00f3 de inmediato a varias personas.<\/p>\n<\/p>\n<p>Otro tanto pereci\u00f3 debido a la estampida que se produjo tras la explosi\u00f3n en el segundo d\u00eda del evento, dijeron medios locales.<\/p>\n<p>El ministro del Interior, Ariel Henry, dijo hoy que todas las v\u00edctimas, tres mujeres y quince hombres, han sido identificadas excepto una.<\/p>\n<\/p>\n<p>Por su parte, el ministro de Comunicaci\u00f3n, Rotchild Fran\u00e7ois Jr, confirm\u00f3 que los funerales ser\u00e1n realizados el s\u00e1bado por la ma\u00f1ana en Champ-de-Mars, la plaza p\u00fablica m\u00e1s importante de Puerto Pr\u00edncipe y lugar donde ocurri\u00f3 el accidente.<\/p>\n<\/p>\n<p>Fran\u00e7ois dijo que una vigilia ser\u00e1 organizada el viernes por la noche.<\/p>\n<\/p>\n<p>M\u00e1s de doce horas despu\u00e9s de la tragedia, miles de personas vestidas de blanco rindieron homenaje a las v\u00edctimas del accidente.<\/p>\n<p>Varias velas fueron prendidas sobre un memorial de flores instalado en el lugar donde ocurri\u00f3 la tragedia, mientras el presidente haitiano Michel Martelly, su esposa, la primera dama Sophia Saint-R\u00e9my, y el primer ministro Evans Paul guardaban silencio junto a decenas de funcionarios y artistas que encabezaron el acto, tambi\u00e9n con velas en las manos.<\/p>\n<p>Martelly visit\u00f3 despu\u00e9s el Centro para la Atenci\u00f3n de Accidentes Laborales, Enfermedades y Maternidad (Ofatma en franc\u00e9s), donde fue llevada la mayor\u00eda de las 78 heridos, de los cuales seis permanecen hospitalizados seg\u00fan confirm\u00f3 hoy Claude Sur\u00e9na, funcionario del hospital.<\/p>\n<p>\u00abEl gobierno est\u00e1 abierto a las propuestas de los familiares de las v\u00edctimas y se mantiene a su disposici\u00f3n para cualquier sugerencia de medidas adicionales que puedan, dentro de la ley, satisfacer sus deseos\u00bb, se\u00f1al\u00f3 por su parte la Oficina del Primer Ministro en un comunicado difundido este mi\u00e9rcoles.<\/p>\n<p>Paul dijo la v\u00edspera que su gobierno tiene la intenci\u00f3n de colaborar con la educaci\u00f3n de los hijos de las personas que murieron el martes.<\/p>\n<p>Entre tanto, muestras de pesar llegaron al pa\u00eds de diversas partes del mundo.<\/p>\n<p>Christian Paradis, ministro de Desarrollo Internacional y Francofon\u00eda de Canad\u00e1, se\u00f1al\u00f3 que su gobierno estaba \u00abprofundamente entristecido por las p\u00e9rdidas de vidas causadas por el tr\u00e1gico accidente de Champ de Mars\u00bb, y expres\u00f3 \u00aben nombre de todos los canadienses\u00bb expres\u00f3 sus profundas condolencias a las familias de los fallecidos.<\/p>\n<\/p>\n<p>La representante especial del secretario general de las Naciones Unidas en Hait\u00ed, Sandra Honor\u00e9, tambi\u00e9n present\u00f3 sus condolencias al gobierno y al pueblo haitianos \u00abpor el tr\u00e1gico accidente\u00bb, igual que lo hicieron las representaciones diplom\u00e1ticas de Francia y Estados Unidos y el secretario general de la Organizaci\u00f3n de Estados Americanos (OEA), Jos\u00e9 Miguel Insulza.<\/p>\n<\/p>\n<p>Las autoridades anunciaron hoy que la comisi\u00f3n inter-ministerial creada para investigar el hecho deber\u00e1 rendir un reporte en un plazo de 30 d\u00edas. El gobierno tambi\u00e9n anunci\u00f3 la creaci\u00f3n de comit\u00e9s para ofrecer recomendaciones y evitar tragedias similares en el futuro.<\/p>\n<\/p>\n<p>Hait\u00ed inici\u00f3 el pasado domingo sus populares fiestas de carnaval, que se deb\u00edan llevar a cabo en Puerto Pr\u00edncipe durante tres d\u00edas consecutivos declarados feriados por el gobierno.<\/p>\n<\/p>\n<p>Miles de personas colmaron el domingo y el lunes la parte baja de Puerto Pr\u00edncipe para presenciar el paso de las diecis\u00e9is bandas musicales que participan en el evento, adem\u00e1s de 125 de comparsas que dan vida al carnaval haitiano.<\/p>\n<\/p>\n<p>Hasta la noche del domingo, una persona muri\u00f3 asesinada y otras 45 resultaron heridas, la mayor\u00eda en peleas callejeras, seg\u00fan un balance provisional dado a conocer por el portavoz adjunto de la polic\u00eda, Garry Desrosiers.<\/p>\n<\/p>\n<p>La carroza afectada en el accidente pertenec\u00eda a al grupo musical Barikad Crew, cuyo vocalista, conocido como \u00abPhantom\u00bb, se recupera del accidente.<\/p>\n<p>En junio del 2008, la banda perdi\u00f3 a tres de sus integrantes en un tr\u00e1gico accidente vial. En esta ocasi\u00f3n, el baterista de la agrupaci\u00f3n y el conductor del veh\u00edculo murieron electrocutados seg\u00fan destac\u00f3 la prensa local.<\/p>\n<\/p>\n<p>La polic\u00eda nacional de Hait\u00ed y la Polic\u00eda de las Naciones Unidas (Unpol) anunciaron la semana pasada un nuevo dispositivo de seguridad para ser aplicado la pr\u00f3xima semana cuando se realicen las tradicionales fiestas de carnaval<\/p>\n<p>El a\u00f1o pasado, al menos 14 personas murieron por intoxicaci\u00f3n alcoh\u00f3lica y accidentes de tr\u00e1nsito y otro medio millar result\u00f3 herida durante los tres d\u00edas que dur\u00f3 el evento. <\/p>\n<h6> 2015-02-18 21:15:16 <\/h6>\n<p><!--\n<link rel=\"stylesheet\" href=\"css\/bootstrap.min.css\">\n\n\n<ul class=\"pagination\">\n\t    \n\t\n\n<li >\n\t<a href='?page_no=24878'>Previous<\/a>\n\t<\/li>\n\n\n       \n    \n\n<li><a href='?page_no=1'>1<\/a><\/li>\n\n\n\n<li><a href='?page_no=2'>2<\/a><\/li>\n\n\n\n<li><a>...<\/a><\/li>\n\n\n\n<li><a href='?page_no=24877'>24877<\/a><\/li>\n\n\n\n<li><a href='?page_no=24878'>24878<\/a><\/li>\n\n\n\n<li class='active'><a>24879<\/a><\/li>\n\n\n\n<li><a href='?page_no=24880'>24880<\/a><\/li>\n\n\n\n<li><a href='?page_no=24881'>24881<\/a><\/li>\n\n\n\n<li><a>...<\/a><\/li>\n\n\n\n<li><a href='?page_no=51012'>51012<\/a><\/li>\n\n\n\n<li><a href='?page_no=51013'>51013<\/a><\/li>\n\n    \n\t\n\n<li >\n\t<a href='?page_no=24880'>Next<\/a>\n\t<\/li>\n\n\n    \n\n<li><a href='?page_no=51013'>Last &rsaquo;&rsaquo;<\/a><\/li>\n\n<\/ul>\n\n\n--><br \/>\n<\/body><\/p>\n","protected":false},"excerpt":{"rendered":"<p>Hait\u00ed, 18 feb (Xinhua) &#8212; El n\u00famero de v\u00edctimas del accidente ocurrido la v\u00edspera durante el desfile de carnaval de Hait\u00ed aument\u00f3 a 18, confirm\u00f3 hoy el gobierno haitiano, que empez\u00f3 a recibir mensajes de solidaridad de varias pa\u00edses y de organismos internacionales. El Ministerio de Comunicaci\u00f3n se\u00f1al\u00f3 este mi\u00e9rcoles que oficialmente se registraron tres [&hellip;]<\/p>\n","protected":false},"author":3,"featured_media":0,"comment_status":"open","ping_status":"open","sticky":false,"template":"","format":"standard","meta":{"footnotes":""},"categories":[23],"tags":[],"class_list":["post-255234","post","type-post","status-publish","format-standard","hentry","category-internacional"],"_links":{"self":[{"href":"https:\/\/diariodominicano.com\/index.php?rest_route=\/wp\/v2\/posts\/255234","targetHints":{"allow":["GET"]}}],"collection":[{"href":"https:\/\/diariodominicano.com\/index.php?rest_route=\/wp\/v2\/posts"}],"about":[{"href":"https:\/\/diariodominicano.com\/index.php?rest_route=\/wp\/v2\/types\/post"}],"author":[{"embeddable":true,"href":"https:\/\/diariodominicano.com\/index.php?rest_route=\/wp\/v2\/users\/3"}],"replies":[{"embeddable":true,"href":"https:\/\/diariodominicano.com\/index.php?rest_route=%2Fwp%2Fv2%2Fcomments&post=255234"}],"version-history":[{"count":0,"href":"https:\/\/diariodominicano.com\/index.php?rest_route=\/wp\/v2\/posts\/255234\/revisions"}],"wp:attachment":[{"href":"https:\/\/diariodominicano.com\/index.php?rest_route=%2Fwp%2Fv2%2Fmedia&parent=255234"}],"wp:term":[{"taxonomy":"category","embeddable":true,"href":"https:\/\/diariodominicano.com\/index.php?rest_route=%2Fwp%2Fv2%2Fcategories&post=255234"},{"taxonomy":"post_tag","embeddable":true,"href":"https:\/\/diariodominicano.com\/index.php?rest_route=%2Fwp%2Fv2%2Ftags&post=255234"}],"curies":[{"name":"wp","href":"https:\/\/api.w.org\/{rel}","templated":true}]}}