{"id":255233,"date":"2015-02-18T21:25:55","date_gmt":"2015-02-18T21:25:55","guid":{"rendered":"http:\/\/diariodominicano.ddns.net\/?p=255233"},"modified":"2015-02-18T21:25:55","modified_gmt":"2015-02-18T21:25:55","slug":"obama-pide-evitar-estigmatizacion-de-islam","status":"publish","type":"post","link":"https:\/\/diariodominicano.com\/?p=255233","title":{"rendered":"Obama pide evitar estigmatizaci\u00f3n de Islam"},"content":{"rendered":"<p><body><\/p>\n<p><img decoding=\"async\" src=\"img3\/Obamat.jpg\" \/>  <\/p>\n<p><span class=\"text1noticias\">WASHINGTON, 18 feb (Xinhua) &#8212; El presidente de Estados Unidos, Barack Obama, indic\u00f3 que el combate al extremismo violento no significa que haya una guerra contra el Islam y se\u00f1al\u00f3 que el mundo debe evitar dar legitimidad religiosa a los grupos terroristas.<\/span><\/p>\n<p><span class=\"text1noticias\"> <\/span><\/p>\n<p><span class=\"text1noticias\">En un discurso pronunciado el segundo d\u00eda de la Cumbre de la Casa Blanca sobre Combate al Extremismo Violento, Obama enfatiz\u00f3 que es vital no estigmatizar a ninguna comunidad s\u00f3lo por su fe y pidi\u00f3 a los l\u00edderes musulmanes alzar la voz en el combate al extremismo violento.<\/span><\/p>\n<p><span class=\"text1noticias\"> <\/span><\/p>\n<p><span class=\"text1noticias\">Obama y el vicepresidente Joe Biden llegaron incluso a aclarar que no es una cumbre sobre extremismo isl\u00e1mico.<\/span><\/p>\n<p><span class=\"text1noticias\"> <\/span><\/p>\n<p><span class=\"text1noticias\">El vocero de la Casa Blanca, Josh Earnest, dijo horas antes que aunque la Casa Blanca reconoce que una particularmente virulenta cepa de la ideolog\u00eda extremista ha intentado insertarse en la comunidad musulmana, otras formas de extremismo tambi\u00e9n han motivado a otras personas a llevar a cabo actos de violencia.<\/span><\/p>\n<p><span class=\"text1noticias\"> <\/span><\/p>\n<p><span class=\"text1noticias\">    \u00abNo estamos en guerra contra el Islam\u00bb, dijo Obama durante un discurso pronunciado en el segundo d\u00eda de la Cumbre de la Casa Blanca sobre la Lucha contra el Extremismo Violento. \u00abEstamos en guerra contra quienes han pervertido el Islam\u00bb, apunt\u00f3.<\/span><\/p>\n<p><span class=\"text1noticias\"> <\/span><\/p>\n<p><span class=\"text1noticias\">     Obama enfatiz\u00f3 que es vital no estigmatizar a ninguna comunidad solo por su fe y pidi\u00f3 a los l\u00edderes musulmanes que alcen la voz en la lucha contra el extremismo violento. \u00abNinguna religi\u00f3n es responsable del terrorismo, las personas son responsables de la violencia y el terrorismo\u00bb, dijo Obama.<\/span><\/p>\n<p><span class=\"text1noticias\"> <\/span><\/p>\n<p><span class=\"text1noticias\">     Mientras el evento de tres d\u00edas entr\u00f3 en su segunda jornada, Obama y el vicepresidente de EEUU, Joe Biden, llegaron incluso a aclarar que no se trata de una cumbre sobre el extremismo isl\u00e1mico.<\/span><\/p>\n<p><span class=\"text1noticias\"> <\/span><\/p>\n<p><span class=\"text1noticias\">     Durante el discurso de media hora, Obama se\u00f1al\u00f3 otros desaf\u00edos en la lucha contra el extremismo violento, incluso los agravios econ\u00f3micos y pol\u00edticos que generan los terroristas, a\u00f1adiendo que la comunidad tambi\u00e9n juega un papel importante en la lucha contra el extremismo violento.<\/span><\/p>\n<p><span class=\"text1noticias\"> <\/span><\/p>\n<p><span class=\"text1noticias\">     El vocero de la Casa Blanca, Josh Earnest, dijo horas antes que aunque la Casa Blanca reconoce que una rama particularmente virulenta de la ideolog\u00eda extremista ha intentado insertarse en la comunidad musulmana, otras formas de extremismo tambi\u00e9n han motivado a otras personas a llevar a cabo actos de violencia.<\/span><\/p>\n<p><span class=\"text1noticias\"> <\/span><\/p>\n<p><span class=\"text1noticias\">     \u00abEl extremismo ha tomado una variedad de formas en este pa\u00eds produciendo resultados violentos\u00bb, dijo Ea<\/span>rnest.<\/p>\n<h6> 2015-02-18 21:25:55 <\/h6>\n<p><!--\n<link rel=\"stylesheet\" href=\"css\/bootstrap.min.css\">\n\n\n<ul class=\"pagination\">\n\t    \n\t\n\n<li >\n\t<a href='?page_no=24877'>Previous<\/a>\n\t<\/li>\n\n\n       \n    \n\n<li><a href='?page_no=1'>1<\/a><\/li>\n\n\n\n<li><a href='?page_no=2'>2<\/a><\/li>\n\n\n\n<li><a>...<\/a><\/li>\n\n\n\n<li><a href='?page_no=24876'>24876<\/a><\/li>\n\n\n\n<li><a href='?page_no=24877'>24877<\/a><\/li>\n\n\n\n<li class='active'><a>24878<\/a><\/li>\n\n\n\n<li><a href='?page_no=24879'>24879<\/a><\/li>\n\n\n\n<li><a href='?page_no=24880'>24880<\/a><\/li>\n\n\n\n<li><a>...<\/a><\/li>\n\n\n\n<li><a href='?page_no=51012'>51012<\/a><\/li>\n\n\n\n<li><a href='?page_no=51013'>51013<\/a><\/li>\n\n    \n\t\n\n<li >\n\t<a href='?page_no=24879'>Next<\/a>\n\t<\/li>\n\n\n    \n\n<li><a href='?page_no=51013'>Last &rsaquo;&rsaquo;<\/a><\/li>\n\n<\/ul>\n\n\n--><br \/>\n<\/body><\/p>\n","protected":false},"excerpt":{"rendered":"<p>WASHINGTON, 18 feb (Xinhua) &#8212; El presidente de Estados Unidos, Barack Obama, indic\u00f3 que el combate al extremismo violento no significa que haya una guerra contra el Islam y se\u00f1al\u00f3 que el mundo debe evitar dar legitimidad religiosa a los grupos terroristas. En un discurso pronunciado el segundo d\u00eda de la Cumbre de la Casa [&hellip;]<\/p>\n","protected":false},"author":3,"featured_media":0,"comment_status":"open","ping_status":"open","sticky":false,"template":"","format":"standard","meta":{"footnotes":""},"categories":[23],"tags":[],"class_list":["post-255233","post","type-post","status-publish","format-standard","hentry","category-internacional"],"_links":{"self":[{"href":"https:\/\/diariodominicano.com\/index.php?rest_route=\/wp\/v2\/posts\/255233","targetHints":{"allow":["GET"]}}],"collection":[{"href":"https:\/\/diariodominicano.com\/index.php?rest_route=\/wp\/v2\/posts"}],"about":[{"href":"https:\/\/diariodominicano.com\/index.php?rest_route=\/wp\/v2\/types\/post"}],"author":[{"embeddable":true,"href":"https:\/\/diariodominicano.com\/index.php?rest_route=\/wp\/v2\/users\/3"}],"replies":[{"embeddable":true,"href":"https:\/\/diariodominicano.com\/index.php?rest_route=%2Fwp%2Fv2%2Fcomments&post=255233"}],"version-history":[{"count":0,"href":"https:\/\/diariodominicano.com\/index.php?rest_route=\/wp\/v2\/posts\/255233\/revisions"}],"wp:attachment":[{"href":"https:\/\/diariodominicano.com\/index.php?rest_route=%2Fwp%2Fv2%2Fmedia&parent=255233"}],"wp:term":[{"taxonomy":"category","embeddable":true,"href":"https:\/\/diariodominicano.com\/index.php?rest_route=%2Fwp%2Fv2%2Fcategories&post=255233"},{"taxonomy":"post_tag","embeddable":true,"href":"https:\/\/diariodominicano.com\/index.php?rest_route=%2Fwp%2Fv2%2Ftags&post=255233"}],"curies":[{"name":"wp","href":"https:\/\/api.w.org\/{rel}","templated":true}]}}