{"id":255231,"date":"2015-02-19T11:00:52","date_gmt":"2015-02-19T11:00:52","guid":{"rendered":"http:\/\/diariodominicano.ddns.net\/?p=255231"},"modified":"2015-02-19T11:00:52","modified_gmt":"2015-02-19T11:00:52","slug":"la-marcha-de-los-paraguas-inundo-buenos-aires-en-memoria-del-fiscal-nisman","status":"publish","type":"post","link":"https:\/\/diariodominicano.com\/?p=255231","title":{"rendered":"La \u00abmarcha de los paraguas\u00bb inund\u00f3 Buenos Aires en memoria del fiscal Nisman"},"content":{"rendered":"<p><body><\/p>\n<p><img decoding=\"async\" src=\"img3\/paragua 19.jpg\" \/><br \/><img decoding=\"async\" src=\"img3\/marcha 2.jpg\" \/>  <\/p>\n<p>Buenos Aires, Argentina 19 febrero .- La marcha del silencio, que muchos han bautizado ya como la \u00abmarcha de los paraguas\u00bb, inund\u00f3 el centro de Buenos Aires bajo una lluvia torrencial en homenaje de Alberto Nisman en el d\u00eda en que se cumple un mes de la muerte del fiscal que denunci\u00f3 a la presidenta argentina, Cristina Fern\u00e1ndez.<\/p>\n<\/p>\n<p>La lluvia estall\u00f3 minutos antes de que comenzara la marcha, que arranc\u00f3 puntual encabezada por la familia de Nisman y varios de sus compa\u00f1eros fiscales, y oblig\u00f3 a los manifestantes a guardar banderas y carteles para empu\u00f1ar sus paraguas.<\/p>\n<\/p>\n<p>En medio de un fuerte dispositivo policial, los vendedores ambulantes de paraguas y ponchos sacaron provecho entre los desprevenidos de los m\u00e1s de los algo m\u00e1s de 400.000 asistentes, seg\u00fan informaron fuentes de la Polic\u00eda Metropolitana.<\/p>\n<\/p>\n<p>En las redes sociales los argentinos hablaban de \u00abMarcha de los paraguas\u00bb, un nombre que ya hab\u00eda bautizado otra hist\u00f3rica marcha realizada en 1994, en repudio al atentado contra la mutua jud\u00eda AMIA, que dej\u00f3 85 muertos.<\/p>\n<\/p>\n<p>La investigaci\u00f3n de ese ataque terrorista, que casi 21 a\u00f1os sin ser esclarecido, estaba precisamente a cargo de Alberto Nisman.<\/p>\n<\/p>\n<p>\u00abHomenaje al fiscal Nisman. Marcha del silencio\u00bb, rezaba escuetamente la pancarta negra que encabezaba la manifestaci\u00f3n, sujetada por los compa\u00f1eros de Nisman.<\/p>\n<\/p>\n<p>Tras ellos, caminaba la exmujer del fiscal fallecido, la jueza Sandra Arroyo Salgado, vestida de negro y acompa\u00f1ada de la mayor de las dos hijas que tuvo con Nisman.<\/p>\n<\/p>\n<p>La marcha hab\u00eda sido convocada por un grupo de fiscales argentinos, con el silencio como principal consigna, que solo fue interrumpido por aplausos, reclamos de \u00abJusticia\u00bb o gritos como \u00abNisman presente\u00bb, \u00abNunca m\u00e1s\u00bb y el himno nacional.<\/p>\n<\/p>\n<p>Los manifestantes cumplieron y, tal como hab\u00edan pedido los convocantes, evitaron las consignas pol\u00edticas para rendir homenaje a Nisman sin sesgos partidarios.<\/p>\n<\/p>\n<p>Banderas argentinas y carteles donde se le\u00eda \u00abJusticia\u00bb, \u00abYo soy Nisman\u00bb o \u00abTodos somos Nisman\u00bb sobresal\u00edan de la marea de paraguas que desbord\u00f3 la emblem\u00e1tica Avenida de Mayo que enlaza el Congreso con la Plaza de Mayo, el recorrido de la marcha.<\/p>\n<\/p>\n<p>\u00abQueremos que haya Justicia en la Argentina, queremos un pa\u00eds mejor para nosotros para nuestros hijos donde se pueda vivir con esperanza\u00bb, dijo a Efe Franco Armel\u00edn, uno de los manifestantes, quien apunt\u00f3 que aunque \u00abhay muchas presiones\u00bb toda \u00abla ciudadan\u00eda quiere que esto se resuelva\u00bb.<\/p>\n<\/p>\n<p>\u00abEstoy aqu\u00ed porque quiero Justicia (&#8230;). Lo que est\u00e1 pasando en este pa\u00eds ya lo vivimos en otras oportunidades y no quiero que se vuelva a repetir, porque quiero Justicia y que la Justicia sea independiente\u00bb, apunt\u00f3 Magdalena Pereira.<\/p>\n<\/p>\n<p>Al llegar a la Plaza de Mayo, frente a la Casa Rosada, los fiscales convocantes subieron a una tarima y pidieron un minuto de silencio \u00abacompa\u00f1ando el sentimiento de la familia\u00bb.<\/p>\n<\/p>\n<p>La Plaza a rebosar rompi\u00f3 a corear el himno argentino y desde la cabecera de la manifestaci\u00f3n se pidi\u00f3 \u00abuna desconcentraci\u00f3n de manera ordenada y pac\u00edfica\u00bb.<\/p>\n<\/p>\n<p>La marcha del silencio trajo a la memoria de los argentinos otras movilizaciones multitudinarias que sacudieron Buenos Aires, como la protesta convocada en 2008 por las organizaciones agrarias en mitad de la llamada crisis del campo que enfrent\u00f3 al Ejecutivo y a los productores agr\u00edcolas y el masivo cacerolazo contra el Gobierno de Cristina Fern\u00e1ndez de 2012.<\/p>\n<\/p>\n<p>Alberto Nisman, fiscal especial de la causa sobre el atentado contra la mutua jud\u00eda AMIA, que dej\u00f3 85 muertos en 1994, muri\u00f3 el pasado 18 de enero de un disparo en la sien, cuatro d\u00edas despu\u00e9s de denunciar a la presidenta argentina por supuesto encubrimiento a sospechosos iran\u00edes del ataque.<\/p>\n<\/p>\n<p>Las circunstancias de la muerte de Nisman a\u00fan no se han aclarado mientras que se multiplican las dudas sobre la eficacia de la investigaci\u00f3n, que un mes despu\u00e9s no ha podido confirmar si se trat\u00f3 de un suicidio pese a que las primeras pericias descartaban a priori la intervenci\u00f3n de terceras personas.  <\/p>\n<\/p>\n<p>Exdirector de servicio secreto argentino declara por muerte de Nisman<\/p>\n<\/p>\n<p>Antonio \u00abJaime\u00bb Stiuso, exdirector de operaciones de la Secretar\u00eda de Inteligencia de Argentina, declar\u00f3 ante la fiscal que investiga la muerte en extra\u00f1as circunstancias del fiscal Alberto Nisman, pero el contenido de su testimonio no ser\u00e1 difundido, informaron hoy fuentes judiciales.<\/p>\n<\/p>\n<p>La fiscal a cargo del caso, Viviana Fein, dijo en un comunicado que \u00abya se recibi\u00f3 la declaraci\u00f3n testimonial\u00bb de Stiuso y que \u00abdicho acto fue debidamente notificado a las partes\u00bb.<\/p>\n<\/p>\n<p>Fein tambi\u00e9n inform\u00f3 que recibi\u00f3 hoy el informe completo del peritaje toxicol\u00f3gico y parte de las pruebas histopatol\u00f3gicas practicadas sobre el cuerpo de Nisman, hallado muerto el 18 de enero en extra\u00f1as circunstancias.<\/p>\n<\/p>\n<p>\u00abPara preservar el curso de la investigaci\u00f3n, la fiscal\u00eda hace saber que no se difundir\u00e1n ni el contenido de las declaraciones testimoniales ni de los informes m\u00e9dicos recepcionados\u00bb, indica el comunicado.<\/p>\n<\/p>\n<p>Stiuso, quien colaboraba con Nisman en la investigaci\u00f3n del atentado en 1994 contra la mutualista jud\u00eda AMIA, fue relevado d\u00edas atr\u00e1s por el Gobierno de guardar el secreto en relaci\u00f3n a sus actividades de inteligencia para que pudiera ser indagado.<\/p>\n<\/p>\n<p>Seg\u00fan la investigaci\u00f3n, Nisman mantuvo contacto telef\u00f3nico con una l\u00ednea a nombre de Stiuso un d\u00eda antes de su muerte.<\/p>\n<\/p>\n<p>El Gobierno se\u00f1ala al exagente como instigador de una maniobra que llev\u00f3 a Nisman a presentar, cuatro d\u00edas antes de su muerte, una denuncia contra la presidenta Cristina Fern\u00e1ndez por presunto encubrimiento de los iran\u00edes acusados por el ataque a la AMIA, en el que murieron 85 personas.<\/p>\n<\/p>\n<p>Hasta ahora el \u00fanico imputado en el caso es Diego Lagomarsino, el inform\u00e1tico que trabajaba con el fiscal y que le entreg\u00f3 el arma que acab\u00f3 con su vida y fue hallada junto a su cad\u00e1ver. <\/p>\n<h6> 2015-02-19 11:00:52 <\/h6>\n<p><!--\n<link rel=\"stylesheet\" href=\"css\/bootstrap.min.css\">\n\n\n<ul class=\"pagination\">\n\t    \n\t\n\n<li >\n\t<a href='?page_no=24875'>Previous<\/a>\n\t<\/li>\n\n\n       \n    \n\n<li><a href='?page_no=1'>1<\/a><\/li>\n\n\n\n<li><a href='?page_no=2'>2<\/a><\/li>\n\n\n\n<li><a>...<\/a><\/li>\n\n\n\n<li><a href='?page_no=24874'>24874<\/a><\/li>\n\n\n\n<li><a href='?page_no=24875'>24875<\/a><\/li>\n\n\n\n<li class='active'><a>24876<\/a><\/li>\n\n\n\n<li><a href='?page_no=24877'>24877<\/a><\/li>\n\n\n\n<li><a href='?page_no=24878'>24878<\/a><\/li>\n\n\n\n<li><a>...<\/a><\/li>\n\n\n\n<li><a href='?page_no=51012'>51012<\/a><\/li>\n\n\n\n<li><a href='?page_no=51013'>51013<\/a><\/li>\n\n    \n\t\n\n<li >\n\t<a href='?page_no=24877'>Next<\/a>\n\t<\/li>\n\n\n    \n\n<li><a href='?page_no=51013'>Last &rsaquo;&rsaquo;<\/a><\/li>\n\n<\/ul>\n\n\n--><br \/>\n<\/body><\/p>\n","protected":false},"excerpt":{"rendered":"<p>Buenos Aires, Argentina 19 febrero .- La marcha del silencio, que muchos han bautizado ya como la \u00abmarcha de los paraguas\u00bb, inund\u00f3 el centro de Buenos Aires bajo una lluvia torrencial en homenaje de Alberto Nisman en el d\u00eda en que se cumple un mes de la muerte del fiscal que denunci\u00f3 a la presidenta [&hellip;]<\/p>\n","protected":false},"author":3,"featured_media":0,"comment_status":"open","ping_status":"open","sticky":false,"template":"","format":"standard","meta":{"footnotes":""},"categories":[23],"tags":[],"class_list":["post-255231","post","type-post","status-publish","format-standard","hentry","category-internacional"],"_links":{"self":[{"href":"https:\/\/diariodominicano.com\/index.php?rest_route=\/wp\/v2\/posts\/255231","targetHints":{"allow":["GET"]}}],"collection":[{"href":"https:\/\/diariodominicano.com\/index.php?rest_route=\/wp\/v2\/posts"}],"about":[{"href":"https:\/\/diariodominicano.com\/index.php?rest_route=\/wp\/v2\/types\/post"}],"author":[{"embeddable":true,"href":"https:\/\/diariodominicano.com\/index.php?rest_route=\/wp\/v2\/users\/3"}],"replies":[{"embeddable":true,"href":"https:\/\/diariodominicano.com\/index.php?rest_route=%2Fwp%2Fv2%2Fcomments&post=255231"}],"version-history":[{"count":0,"href":"https:\/\/diariodominicano.com\/index.php?rest_route=\/wp\/v2\/posts\/255231\/revisions"}],"wp:attachment":[{"href":"https:\/\/diariodominicano.com\/index.php?rest_route=%2Fwp%2Fv2%2Fmedia&parent=255231"}],"wp:term":[{"taxonomy":"category","embeddable":true,"href":"https:\/\/diariodominicano.com\/index.php?rest_route=%2Fwp%2Fv2%2Fcategories&post=255231"},{"taxonomy":"post_tag","embeddable":true,"href":"https:\/\/diariodominicano.com\/index.php?rest_route=%2Fwp%2Fv2%2Ftags&post=255231"}],"curies":[{"name":"wp","href":"https:\/\/api.w.org\/{rel}","templated":true}]}}