{"id":255230,"date":"2015-02-19T14:02:50","date_gmt":"2015-02-19T14:02:50","guid":{"rendered":"http:\/\/diariodominicano.ddns.net\/?p=255230"},"modified":"2015-02-19T14:02:50","modified_gmt":"2015-02-19T14:02:50","slug":"investigaran-en-venezuela-a-presunto-involucrado-en-intento-golpista","status":"publish","type":"post","link":"https:\/\/diariodominicano.com\/?p=255230","title":{"rendered":"&#13;&#13;Investigar\u00e1n en Venezuela a presunto involucrado en intento golpista"},"content":{"rendered":"<p><body><\/p>\n<p><img decoding=\"async\" src=\"img3\/julio-chavez.jpg\" \/>  <\/p>\n<p><span class=\"text1noticias\">\t<\/span><\/p>\n<p><span class=\"text1noticias\">  <\/span><\/p>\n<\/p>\n<p><span class=\"text1noticias\">Caracas, 19 feb (PL) Las acciones legales desplegadas hasta hoy por autoridades venezolanas contra supuestos responsables del intento de golpe de estado del 12 de febrero pasado comprenden la solicitud del diputado Julio Ch\u00e1vez de investigar al parlamentario Julio Borges.<\/span><\/p>\n<\/p>\n<p><span class=\"text1noticias\">Ch\u00e1vez, miembro de la Comisi\u00f3n de Poder Popular y Medios de la Asamblea Nacional, declar\u00f3 que solicitar\u00e1 a la Fiscal General, Luisa Ortega D\u00edaz, abrir una pesquisa contra Borges basada en una denuncia en ese sentido del alcalde de Caracas, Jorge Rodr\u00edguez.<\/span><\/p>\n<\/p>\n<p><span class=\"text1noticias\">El legislador socialista record\u00f3 las acusaciones p\u00fablicas de Rodr\u00edguez respecto a que Borges, junto a los pol\u00edticos derechistas Antonio Ledezma y Mar\u00eda Corina Machado, est\u00e1n involucrados en el intento de golpe de Estado y magnicidio contra el presidente constitucional, Nicol\u00e1s Maduro.<\/span><\/p>\n<\/p>\n<p><span class=\"text1noticias\">Seg\u00fan el diputado, tanto Borges como Ledezma, alcalde metropolitano de Caracas, y Machado \u00abdeber\u00edan estar en (la c\u00e1rcel de) Ramo Verde acompa\u00f1ando a Leopoldo L\u00f3pez\u00bb, preso y procesado en la actualidad por los hechos violentos de principios de 2014 en que murieron 43 personas.<\/span><\/p>\n<\/p>\n<p><span class=\"text1noticias\">Ch\u00e1vez comunic\u00f3 tambi\u00e9n que en la pr\u00f3xima sesi\u00f3n ordinar\u00eda del Parlamento, el martes 24 de febrero, esa instancia iniciar\u00e1 el proceso de allanamiento de la inmunidad parlamentaria contra Borges, en cumplimiento de las leyes del pa\u00eds.<\/span><\/p>\n<\/p>\n<p><span class=\"text1noticias\">El parlamentario coincidi\u00f3 con otras voces y sectores venezolanos que piden justicia por esos y otros desmanes opositores y llam\u00f3 a que los responsables a asumir su responsabilidad ante el pa\u00eds por la conspiraci\u00f3n dirigida a causar acciones sangrientas como las del pasado a\u00f1o.<\/span><\/p>\n<\/p>\n<p><span class=\"text1noticias\">De acuerdo con Ch\u00e1vez, al descubrirse los preparativos para la asonada que pretend\u00eda derrocar al gobierno, pudo apreciarse la magnitud de estos planes que causar\u00edan una gran cantidad de muertos inocentes, \u00absolo por ambiciones personales de poder\u00bb.<\/span><\/p>\n<\/p>\n<p><span class=\"text1noticias\">La intentona golpista, que implicaba el ataque desde un avi\u00f3n artillado en el extranjero contra importantes sedes de organismos oficiales, fue denunciada por el jefe de Estado el propio 12 de febrero durante un acto por el D\u00eda de la Juventud venezolana.<\/span><\/p>\n<\/p>\n<p><span class=\"text1noticias\">Seg\u00fan Maduro, la orden para la operaci\u00f3n se disparar\u00eda cuando los complotados anunciaran un programa de gobierno concebido por ellos bajo el nombre de \u00abLlamado a los venezolanos a un plan de acci\u00f3n para la transici\u00f3n\u00bb, y luego se suceder\u00edan acciones violentas, entre ellas asesinatos en Caracas.<\/span><\/p>\n<\/p>\n<h6> 2015-02-19 14:02:50 <\/h6>\n<p><!--\n<link rel=\"stylesheet\" href=\"css\/bootstrap.min.css\">\n\n\n<ul class=\"pagination\">\n\t    \n\t\n\n<li >\n\t<a href='?page_no=24874'>Previous<\/a>\n\t<\/li>\n\n\n       \n    \n\n<li><a href='?page_no=1'>1<\/a><\/li>\n\n\n\n<li><a href='?page_no=2'>2<\/a><\/li>\n\n\n\n<li><a>...<\/a><\/li>\n\n\n\n<li><a href='?page_no=24873'>24873<\/a><\/li>\n\n\n\n<li><a href='?page_no=24874'>24874<\/a><\/li>\n\n\n\n<li class='active'><a>24875<\/a><\/li>\n\n\n\n<li><a href='?page_no=24876'>24876<\/a><\/li>\n\n\n\n<li><a href='?page_no=24877'>24877<\/a><\/li>\n\n\n\n<li><a>...<\/a><\/li>\n\n\n\n<li><a href='?page_no=51012'>51012<\/a><\/li>\n\n\n\n<li><a href='?page_no=51013'>51013<\/a><\/li>\n\n    \n\t\n\n<li >\n\t<a href='?page_no=24876'>Next<\/a>\n\t<\/li>\n\n\n    \n\n<li><a href='?page_no=51013'>Last &rsaquo;&rsaquo;<\/a><\/li>\n\n<\/ul>\n\n\n--><br \/>\n<\/body><\/p>\n","protected":false},"excerpt":{"rendered":"<p>Caracas, 19 feb (PL) Las acciones legales desplegadas hasta hoy por autoridades venezolanas contra supuestos responsables del intento de golpe de estado del 12 de febrero pasado comprenden la solicitud del diputado Julio Ch\u00e1vez de investigar al parlamentario Julio Borges. Ch\u00e1vez, miembro de la Comisi\u00f3n de Poder Popular y Medios de la Asamblea Nacional, declar\u00f3 [&hellip;]<\/p>\n","protected":false},"author":3,"featured_media":0,"comment_status":"open","ping_status":"open","sticky":false,"template":"","format":"standard","meta":{"footnotes":""},"categories":[23],"tags":[],"class_list":["post-255230","post","type-post","status-publish","format-standard","hentry","category-internacional"],"_links":{"self":[{"href":"https:\/\/diariodominicano.com\/index.php?rest_route=\/wp\/v2\/posts\/255230","targetHints":{"allow":["GET"]}}],"collection":[{"href":"https:\/\/diariodominicano.com\/index.php?rest_route=\/wp\/v2\/posts"}],"about":[{"href":"https:\/\/diariodominicano.com\/index.php?rest_route=\/wp\/v2\/types\/post"}],"author":[{"embeddable":true,"href":"https:\/\/diariodominicano.com\/index.php?rest_route=\/wp\/v2\/users\/3"}],"replies":[{"embeddable":true,"href":"https:\/\/diariodominicano.com\/index.php?rest_route=%2Fwp%2Fv2%2Fcomments&post=255230"}],"version-history":[{"count":0,"href":"https:\/\/diariodominicano.com\/index.php?rest_route=\/wp\/v2\/posts\/255230\/revisions"}],"wp:attachment":[{"href":"https:\/\/diariodominicano.com\/index.php?rest_route=%2Fwp%2Fv2%2Fmedia&parent=255230"}],"wp:term":[{"taxonomy":"category","embeddable":true,"href":"https:\/\/diariodominicano.com\/index.php?rest_route=%2Fwp%2Fv2%2Fcategories&post=255230"},{"taxonomy":"post_tag","embeddable":true,"href":"https:\/\/diariodominicano.com\/index.php?rest_route=%2Fwp%2Fv2%2Ftags&post=255230"}],"curies":[{"name":"wp","href":"https:\/\/api.w.org\/{rel}","templated":true}]}}