{"id":255229,"date":"2015-02-19T14:06:16","date_gmt":"2015-02-19T14:06:16","guid":{"rendered":"http:\/\/diariodominicano.ddns.net\/?p=255229"},"modified":"2015-02-19T14:06:16","modified_gmt":"2015-02-19T14:06:16","slug":"primer-ministro-hungaro-denuncia-intentos-de-aislar-a-rusia","status":"publish","type":"post","link":"https:\/\/diariodominicano.com\/?p=255229","title":{"rendered":"&#13;&#13;Primer ministro h\u00fangaro denuncia intentos de aislar a Rusia"},"content":{"rendered":"<p><body><\/p>\n<p><img decoding=\"async\" src=\"img3\/viktor-orban-hungria.jpg\" \/>  <\/p>\n<p><span class=\"text1noticias\">\t\t\t<\/span><\/p>\n<p><span class=\"text1noticias\">  <\/span><\/p>\n<\/p>\n<p><span class=\"text1noticias\">Budapest, 19 feb (PL) El primer ministro h\u00fangaro, Viktor Orban, denunci\u00f3 hoy los intentos de la Uni\u00f3n Europea (UE) y Estados Unidos de aislar a Rusia por su posici\u00f3n en la crisis de Ucrania, donde se instal\u00f3 un gobierno golpista en 2014.<\/span><\/p>\n<\/p>\n<p><span class=\"text1noticias\">Orban arremeti\u00f3 en espec\u00edfico contra los llamados del exprimer ministro polaco y actual presidente de la Comisi\u00f3n Europea (CE), Donald Tusk, a intensificar los esfuerzos antirrusos en el bloque comunitario.<\/span><\/p>\n<\/p>\n<p><span class=\"text1noticias\">Tras la firma el martes pasado en esta capital de un paquete de al menos cinco acuerdos de cooperaci\u00f3n con Rusia, el jefe de Gobierno magiar subray\u00f3 que existe una gran divisi\u00f3n entre los 28 miembros de la Uni\u00f3n Europea (UE) respecto al tema ruso.<\/span><\/p>\n<\/p>\n<p><span class=\"text1noticias\">Los rep\u00fablicas exsovi\u00e9ticas con costas en el mar B\u00e1ltico y Polonia, que se refirieron a una supuesta amenaza rusa, incluso antes de iniciarse la crisis ucraniana, son las m\u00e1s proclives a castigar a Mosc\u00fa con m\u00e1s sanciones, estim\u00f3 Orban.<\/span><\/p>\n<\/p>\n<p><span class=\"text1noticias\">Por otro lado, estados como Hungr\u00eda, la Rep\u00fablica Checa, Eslovaquia y Austria consideran esencial mantener la cooperaci\u00f3n econ\u00f3mica con Mosc\u00fa, destac\u00f3 el primer ministro magiar, citado por la televisi\u00f3n capitalina.<\/span><\/p>\n<\/p>\n<p><span class=\"text1noticias\">El jefe de gobierno h\u00fangaro, a menudo criticado por la direcci\u00f3n de la UE y Washington por su rechazo a aplicar restricciones econ\u00f3micas a Rusia, considera imposible lograr la seguridad energ\u00e9tica europea sin la participaci\u00f3n de Mosc\u00fa.<\/span><\/p>\n<\/p>\n<p><span class=\"text1noticias\">Tras el golpe de estado de hace un a\u00f1o en Kiev, a donde lleg\u00f3 al poder un gobierno ultraderechista, apoyado por paramilitares neofascistas, el Kremlin fustig\u00f3 esa acci\u00f3n y apoy\u00f3 la soberan\u00eda de Crimea y la lucha de la poblaci\u00f3n sublevada del sureste ucraniano.<\/span><\/p>\n<\/p>\n<p><span class=\"text1noticias\">Occidente acusa a Rusia de una supuesta agresi\u00f3n contra Ucrania, a\u00fan cuando aparecen evidencias sobre la participaci\u00f3n de mercenarios y fuerzas especiales de Estados Unidos y otras naciones occidentales en las operaciones de castigo en las regiones de Donetsk y Lugansk.<\/span><\/p>\n<\/p>\n<p><span class=\"text1noticias\">Cerca de siete mil personas perecieron en las mencionadas regiones, en su mayor\u00eda civiles, a causa de la ofensiva desplegada por el ej\u00e9rcito ucraniano, con empleo de aviaci\u00f3n, artiller\u00eda reactiva y, en ocasiones, armamentos prohibidos.<\/span><\/p>\n<\/p>\n<h6> 2015-02-19 14:06:16 <\/h6>\n<p><!--\n<link rel=\"stylesheet\" href=\"css\/bootstrap.min.css\">\n\n\n<ul class=\"pagination\">\n\t    \n\t\n\n<li >\n\t<a href='?page_no=24873'>Previous<\/a>\n\t<\/li>\n\n\n       \n    \n\n<li><a href='?page_no=1'>1<\/a><\/li>\n\n\n\n<li><a href='?page_no=2'>2<\/a><\/li>\n\n\n\n<li><a>...<\/a><\/li>\n\n\n\n<li><a href='?page_no=24872'>24872<\/a><\/li>\n\n\n\n<li><a href='?page_no=24873'>24873<\/a><\/li>\n\n\n\n<li class='active'><a>24874<\/a><\/li>\n\n\n\n<li><a href='?page_no=24875'>24875<\/a><\/li>\n\n\n\n<li><a href='?page_no=24876'>24876<\/a><\/li>\n\n\n\n<li><a>...<\/a><\/li>\n\n\n\n<li><a href='?page_no=51012'>51012<\/a><\/li>\n\n\n\n<li><a href='?page_no=51013'>51013<\/a><\/li>\n\n    \n\t\n\n<li >\n\t<a href='?page_no=24875'>Next<\/a>\n\t<\/li>\n\n\n    \n\n<li><a href='?page_no=51013'>Last &rsaquo;&rsaquo;<\/a><\/li>\n\n<\/ul>\n\n\n--><br \/>\n<\/body><\/p>\n","protected":false},"excerpt":{"rendered":"<p>Budapest, 19 feb (PL) El primer ministro h\u00fangaro, Viktor Orban, denunci\u00f3 hoy los intentos de la Uni\u00f3n Europea (UE) y Estados Unidos de aislar a Rusia por su posici\u00f3n en la crisis de Ucrania, donde se instal\u00f3 un gobierno golpista en 2014. Orban arremeti\u00f3 en espec\u00edfico contra los llamados del exprimer ministro polaco y actual [&hellip;]<\/p>\n","protected":false},"author":3,"featured_media":0,"comment_status":"open","ping_status":"open","sticky":false,"template":"","format":"standard","meta":{"footnotes":""},"categories":[23],"tags":[],"class_list":["post-255229","post","type-post","status-publish","format-standard","hentry","category-internacional"],"_links":{"self":[{"href":"https:\/\/diariodominicano.com\/index.php?rest_route=\/wp\/v2\/posts\/255229","targetHints":{"allow":["GET"]}}],"collection":[{"href":"https:\/\/diariodominicano.com\/index.php?rest_route=\/wp\/v2\/posts"}],"about":[{"href":"https:\/\/diariodominicano.com\/index.php?rest_route=\/wp\/v2\/types\/post"}],"author":[{"embeddable":true,"href":"https:\/\/diariodominicano.com\/index.php?rest_route=\/wp\/v2\/users\/3"}],"replies":[{"embeddable":true,"href":"https:\/\/diariodominicano.com\/index.php?rest_route=%2Fwp%2Fv2%2Fcomments&post=255229"}],"version-history":[{"count":0,"href":"https:\/\/diariodominicano.com\/index.php?rest_route=\/wp\/v2\/posts\/255229\/revisions"}],"wp:attachment":[{"href":"https:\/\/diariodominicano.com\/index.php?rest_route=%2Fwp%2Fv2%2Fmedia&parent=255229"}],"wp:term":[{"taxonomy":"category","embeddable":true,"href":"https:\/\/diariodominicano.com\/index.php?rest_route=%2Fwp%2Fv2%2Fcategories&post=255229"},{"taxonomy":"post_tag","embeddable":true,"href":"https:\/\/diariodominicano.com\/index.php?rest_route=%2Fwp%2Fv2%2Ftags&post=255229"}],"curies":[{"name":"wp","href":"https:\/\/api.w.org\/{rel}","templated":true}]}}