{"id":255228,"date":"2015-02-19T14:10:13","date_gmt":"2015-02-19T14:10:13","guid":{"rendered":"http:\/\/diariodominicano.ddns.net\/?p=255228"},"modified":"2015-02-19T14:10:13","modified_gmt":"2015-02-19T14:10:13","slug":"investigaran-accidente-en-carnaval-haitiano","status":"publish","type":"post","link":"https:\/\/diariodominicano.com\/?p=255228","title":{"rendered":"&#13;Investigar\u00e1n accidente en carnaval haitiano"},"content":{"rendered":"<p><body><\/p>\n<p><span class=\"text1noticias\">\t<\/span><\/p>\n<\/p>\n<p><span class=\"text1noticias\">Puerto Pr\u00edncipe, 19 feb (PL) El gobierno de Hait\u00ed anunci\u00f3 hoy que gestiona una investigaci\u00f3n para arrojar luz sobre las causas del accidente el\u00e9ctrico que dej\u00f3 18 muertos y 78 heridos el martes en el Carnaval.<\/span><\/p>\n<\/p>\n<p><span class=\"text1noticias\">El ministro de Informaci\u00f3n y portavoz oficial, Fran\u00e7ois Rothschild, asegur\u00f3 que la indagaci\u00f3n ser\u00e1 realizada por un comit\u00e9 de expertos que analizar\u00e1n las circunstancias y har\u00e1n recomendaciones.<\/span><\/p>\n<\/p>\n<p><span class=\"text1noticias\">Por otra parte, l\u00edderes opositores reclamaron una pesquisa independiente sobre las causas del accidente.<\/span><\/p>\n<\/p>\n<p><span class=\"text1noticias\">Sauveur Pierre Etienne, Coordinador General de la Organizaci\u00f3n del Pueblo en Lucha (OPL), exigi\u00f3 determinar la responsabilidad e identificar a los culpables de la muerte de 18 personas.<\/span><\/p>\n<\/p>\n<p><span class=\"text1noticias\">En declaraciones a Radio Metropole Hait\u00ed, pregunt\u00f3 por qu\u00e9 el comit\u00e9 organizador no hab\u00eda establecido un l\u00edmite para la altura de los camiones que transportan grupos musicales.<\/span><\/p>\n<\/p>\n<p><span class=\"text1noticias\">Los l\u00edderes del partido de oposici\u00f3n radical, Pitit Dessalines, acusaron de negligencia al comit\u00e9 organizador e instan a los familiares de las v\u00edctimas a exigir autopsias como parte de la investigaci\u00f3n.<\/span><\/p>\n<\/p>\n<p><span class=\"text1noticias\">Seg\u00fan fuentes m\u00e9dicas seis heridos est\u00e1n todav\u00eda en observaci\u00f3n en los hospitales de la capital y se encuentran en condici\u00f3n estable, sin temor de que ocurran nuevas muertes, en tanto otros 72 lesionados fueron dados de alta y regresaron a sus hogares.<\/span><\/p>\n<\/p>\n<h6> 2015-02-19 14:10:13 <\/h6>\n<p><!--\n<link rel=\"stylesheet\" href=\"css\/bootstrap.min.css\">\n\n\n<ul class=\"pagination\">\n\t    \n\t\n\n<li >\n\t<a href='?page_no=24872'>Previous<\/a>\n\t<\/li>\n\n\n       \n    \n\n<li><a href='?page_no=1'>1<\/a><\/li>\n\n\n\n<li><a href='?page_no=2'>2<\/a><\/li>\n\n\n\n<li><a>...<\/a><\/li>\n\n\n\n<li><a href='?page_no=24871'>24871<\/a><\/li>\n\n\n\n<li><a href='?page_no=24872'>24872<\/a><\/li>\n\n\n\n<li class='active'><a>24873<\/a><\/li>\n\n\n\n<li><a href='?page_no=24874'>24874<\/a><\/li>\n\n\n\n<li><a href='?page_no=24875'>24875<\/a><\/li>\n\n\n\n<li><a>...<\/a><\/li>\n\n\n\n<li><a href='?page_no=51012'>51012<\/a><\/li>\n\n\n\n<li><a href='?page_no=51013'>51013<\/a><\/li>\n\n    \n\t\n\n<li >\n\t<a href='?page_no=24874'>Next<\/a>\n\t<\/li>\n\n\n    \n\n<li><a href='?page_no=51013'>Last &rsaquo;&rsaquo;<\/a><\/li>\n\n<\/ul>\n\n\n--><br \/>\n<\/body><\/p>\n","protected":false},"excerpt":{"rendered":"<p>Puerto Pr\u00edncipe, 19 feb (PL) El gobierno de Hait\u00ed anunci\u00f3 hoy que gestiona una investigaci\u00f3n para arrojar luz sobre las causas del accidente el\u00e9ctrico que dej\u00f3 18 muertos y 78 heridos el martes en el Carnaval. El ministro de Informaci\u00f3n y portavoz oficial, Fran\u00e7ois Rothschild, asegur\u00f3 que la indagaci\u00f3n ser\u00e1 realizada por un comit\u00e9 de [&hellip;]<\/p>\n","protected":false},"author":3,"featured_media":0,"comment_status":"open","ping_status":"open","sticky":false,"template":"","format":"standard","meta":{"footnotes":""},"categories":[23],"tags":[],"class_list":["post-255228","post","type-post","status-publish","format-standard","hentry","category-internacional"],"_links":{"self":[{"href":"https:\/\/diariodominicano.com\/index.php?rest_route=\/wp\/v2\/posts\/255228","targetHints":{"allow":["GET"]}}],"collection":[{"href":"https:\/\/diariodominicano.com\/index.php?rest_route=\/wp\/v2\/posts"}],"about":[{"href":"https:\/\/diariodominicano.com\/index.php?rest_route=\/wp\/v2\/types\/post"}],"author":[{"embeddable":true,"href":"https:\/\/diariodominicano.com\/index.php?rest_route=\/wp\/v2\/users\/3"}],"replies":[{"embeddable":true,"href":"https:\/\/diariodominicano.com\/index.php?rest_route=%2Fwp%2Fv2%2Fcomments&post=255228"}],"version-history":[{"count":0,"href":"https:\/\/diariodominicano.com\/index.php?rest_route=\/wp\/v2\/posts\/255228\/revisions"}],"wp:attachment":[{"href":"https:\/\/diariodominicano.com\/index.php?rest_route=%2Fwp%2Fv2%2Fmedia&parent=255228"}],"wp:term":[{"taxonomy":"category","embeddable":true,"href":"https:\/\/diariodominicano.com\/index.php?rest_route=%2Fwp%2Fv2%2Fcategories&post=255228"},{"taxonomy":"post_tag","embeddable":true,"href":"https:\/\/diariodominicano.com\/index.php?rest_route=%2Fwp%2Fv2%2Ftags&post=255228"}],"curies":[{"name":"wp","href":"https:\/\/api.w.org\/{rel}","templated":true}]}}