{"id":255227,"date":"2015-02-19T14:13:27","date_gmt":"2015-02-19T14:13:27","guid":{"rendered":"http:\/\/diariodominicano.ddns.net\/?p=255227"},"modified":"2015-02-19T14:13:27","modified_gmt":"2015-02-19T14:13:27","slug":"concluye-en-washington-cumbre-contra-el-extremismo-violento","status":"publish","type":"post","link":"https:\/\/diariodominicano.com\/?p=255227","title":{"rendered":"&#13;Concluye en Washington cumbre contra el extremismo violento"},"content":{"rendered":"<p><body><\/p>\n<p><img decoding=\"async\" src=\"img3\/obama-podio.jpg\" \/>  <\/p>\n<p><span class=\"text1noticias\">\t<\/span><\/p>\n<p><span class=\"text1noticias\">  <\/span><\/p>\n<\/p>\n<p><span class=\"text1noticias\">Washington, 19 feb (PL) La Cumbre internacional contra el Extremismo Violento culmina hoy en esta capital, enfocada en la articulaci\u00f3n de estrategias para frenar el avance de entidades fundamentalistas y contrarrestar la difusi\u00f3n de sus mensajes, sobre todo en Internet.<\/span><\/p>\n<\/p>\n<p><span class=\"text1noticias\">Este martes, durante la segunda jornada de la cita, el presidente Barack Obama reiter\u00f3 que su pa\u00eds \u00abno est\u00e1 en guerra contra el Islam\u00bb, sino contra la \u00abideolog\u00eda perversa\u00bb de grupos como el Estado Isl\u00e1mico (EI) o Al Qaeda.<\/span><\/p>\n<\/p>\n<p><span class=\"text1noticias\">Pretenden presentarse como l\u00edderes religiosos o guerreros santos en defensa del Islam. Propagan la idea de que Washington est\u00e1 en guerra con el Islam, as\u00ed es como reclutan, asegur\u00f3 el mandatario, quien a\u00f1adi\u00f3 que dichas organizaciones \u00abno son m\u00e1s que un grupo de salvajes desesperados por legitimidad\u00bb.<\/span><\/p>\n<\/p>\n<p><span class=\"text1noticias\">Asegur\u00f3 adem\u00e1s que la v\u00eda militar no es la \u00fanica para acabar con movimientos extremistas y recab\u00f3 el trabajo en la comunidades donde los islamistas reclutan.<\/span><\/p>\n<\/p>\n<p><span class=\"text1noticias\">Tambi\u00e9n la v\u00edspera, el departamento de Estado anunci\u00f3 la creaci\u00f3n del cargo de enviado especial y coordinador para Comunicaciones Estrat\u00e9gicas contra el Terrorismo y estar\u00e1 ocupado por Rashad Hussain, un exasesor de Obama.<\/span><\/p>\n<\/p>\n<p><span class=\"text1noticias\">Hussain coordinar\u00e1 \u00ablos esfuerzos del Gobierno de Estados Unidos para desacreditar la propaganda de los terroristas y degradar su capacidad de diseminar mensajes y reclutar combatientes, con un enfoque particular en el EI\u00bb, precis\u00f3 la Casa Blanca en un comunicado.<\/span><\/p>\n<\/p>\n<p><span class=\"text1noticias\">El funcionario liderar\u00e1 un equipo \u00abformado a partir de varios departamentos y agencias nacionales para aumentar la coordinaci\u00f3n y las alianzas internacionales, a fin de contrarrestar el extremismo violento y para desarrollar comunicaciones estrat\u00e9gicas contra el terrorismo en todo el mundo\u00bb, se\u00f1al\u00f3 el documento.<\/span><\/p>\n<\/p>\n<p><span class=\"text1noticias\">En el c\u00f3nclave participan delegaciones de unos 60 pa\u00edses, entre ellos ministros de los ramos de Interior y Exteriores.<\/span><\/p>\n<\/p>\n<p><span class=\"text1noticias\">Para este jueves se prev\u00e9 la intervenci\u00f3n del secretario general de Naciones Unidas, Ban Ki-moon, as\u00ed como del presidente Obama, anfitri\u00f3n de la cita.<\/span><\/p>\n<\/p>\n<h6> 2015-02-19 14:13:27 <\/h6>\n<p><!--\n<link rel=\"stylesheet\" href=\"css\/bootstrap.min.css\">\n\n\n<ul class=\"pagination\">\n\t    \n\t\n\n<li >\n\t<a href='?page_no=24871'>Previous<\/a>\n\t<\/li>\n\n\n       \n    \n\n<li><a href='?page_no=1'>1<\/a><\/li>\n\n\n\n<li><a href='?page_no=2'>2<\/a><\/li>\n\n\n\n<li><a>...<\/a><\/li>\n\n\n\n<li><a href='?page_no=24870'>24870<\/a><\/li>\n\n\n\n<li><a href='?page_no=24871'>24871<\/a><\/li>\n\n\n\n<li class='active'><a>24872<\/a><\/li>\n\n\n\n<li><a href='?page_no=24873'>24873<\/a><\/li>\n\n\n\n<li><a href='?page_no=24874'>24874<\/a><\/li>\n\n\n\n<li><a>...<\/a><\/li>\n\n\n\n<li><a href='?page_no=51012'>51012<\/a><\/li>\n\n\n\n<li><a href='?page_no=51013'>51013<\/a><\/li>\n\n    \n\t\n\n<li >\n\t<a href='?page_no=24873'>Next<\/a>\n\t<\/li>\n\n\n    \n\n<li><a href='?page_no=51013'>Last &rsaquo;&rsaquo;<\/a><\/li>\n\n<\/ul>\n\n\n--><br \/>\n<\/body><\/p>\n","protected":false},"excerpt":{"rendered":"<p>Washington, 19 feb (PL) La Cumbre internacional contra el Extremismo Violento culmina hoy en esta capital, enfocada en la articulaci\u00f3n de estrategias para frenar el avance de entidades fundamentalistas y contrarrestar la difusi\u00f3n de sus mensajes, sobre todo en Internet. Este martes, durante la segunda jornada de la cita, el presidente Barack Obama reiter\u00f3 que [&hellip;]<\/p>\n","protected":false},"author":3,"featured_media":0,"comment_status":"open","ping_status":"open","sticky":false,"template":"","format":"standard","meta":{"footnotes":""},"categories":[23],"tags":[],"class_list":["post-255227","post","type-post","status-publish","format-standard","hentry","category-internacional"],"_links":{"self":[{"href":"https:\/\/diariodominicano.com\/index.php?rest_route=\/wp\/v2\/posts\/255227","targetHints":{"allow":["GET"]}}],"collection":[{"href":"https:\/\/diariodominicano.com\/index.php?rest_route=\/wp\/v2\/posts"}],"about":[{"href":"https:\/\/diariodominicano.com\/index.php?rest_route=\/wp\/v2\/types\/post"}],"author":[{"embeddable":true,"href":"https:\/\/diariodominicano.com\/index.php?rest_route=\/wp\/v2\/users\/3"}],"replies":[{"embeddable":true,"href":"https:\/\/diariodominicano.com\/index.php?rest_route=%2Fwp%2Fv2%2Fcomments&post=255227"}],"version-history":[{"count":0,"href":"https:\/\/diariodominicano.com\/index.php?rest_route=\/wp\/v2\/posts\/255227\/revisions"}],"wp:attachment":[{"href":"https:\/\/diariodominicano.com\/index.php?rest_route=%2Fwp%2Fv2%2Fmedia&parent=255227"}],"wp:term":[{"taxonomy":"category","embeddable":true,"href":"https:\/\/diariodominicano.com\/index.php?rest_route=%2Fwp%2Fv2%2Fcategories&post=255227"},{"taxonomy":"post_tag","embeddable":true,"href":"https:\/\/diariodominicano.com\/index.php?rest_route=%2Fwp%2Fv2%2Ftags&post=255227"}],"curies":[{"name":"wp","href":"https:\/\/api.w.org\/{rel}","templated":true}]}}