{"id":255225,"date":"2015-02-19T14:21:54","date_gmt":"2015-02-19T14:21:54","guid":{"rendered":"http:\/\/diariodominicano.ddns.net\/?p=255225"},"modified":"2015-02-19T14:21:54","modified_gmt":"2015-02-19T14:21:54","slug":"evo-morales-mantiene-alto-nivel-de-aprobacion-en-bolivia","status":"publish","type":"post","link":"https:\/\/diariodominicano.com\/?p=255225","title":{"rendered":"&#13;&#13;Evo Morales mantiene alto nivel de aprobaci\u00f3n en Bolivia"},"content":{"rendered":"<p><body><\/p>\n<p><img decoding=\"async\" src=\"img3\/evopl2.jpg\" \/>  <\/p>\n<p><span class=\"text1noticias\">\t\t<\/span><\/p>\n<p><span class=\"text1noticias\">  <\/span><\/p>\n<\/p>\n<p><span class=\"text1noticias\">La Paz, 19 feb (PL) El presidente Evo Morales mantiene hoy en 76 por ciento el nivel de los bolivianos que califican de positivo su gesti\u00f3n frente del Gobierno, confirm\u00f3 una encuesta difundida aqu\u00ed.<\/span><\/p>\n<\/p>\n<p><span class=\"text1noticias\">Seg\u00fan la pesquisa de la empresa internacional Ipsos, la valoraci\u00f3n favorable al dignatario ind\u00edgena es mayor en los departamentos de Pando, La Paz, Chuquisaca, Cochabamba, Tarija, Potos\u00ed y Santa Cruz.<\/span><\/p>\n<\/p>\n<p><span class=\"text1noticias\">Incluso, el dato actual est\u00e1 por encima del 61 por ciento de apoyo alcanzado por Morales en las elecciones generales de 2014 -cuando gan\u00f3 su tercera reelecci\u00f3n- y de los 75 puntos con los que cerr\u00f3 su aprobaci\u00f3n positiva el a\u00f1o pasado.<\/span><\/p>\n<\/p>\n<p><span class=\"text1noticias\">La semana anterior, el gobernante boliviano fue seleccionado el tercer presidente m\u00e1s popular del mundo, al mantener 75 por ciento de aceptaci\u00f3n a su desempe\u00f1o como jefe de Estado.<\/span><\/p>\n<\/p>\n<p><span class=\"text1noticias\">El ranking elaborado por la Asociaci\u00f3n de Comunicaci\u00f3n Pol\u00edtica indic\u00f3 que el mandatario ind\u00edgena solo es superado por sus hom\u00f3logos de Rusia, Vladimir Putin, y de Ecuador, Rafael Correa.<\/span><\/p>\n<\/p>\n<p><span class=\"text1noticias\">Ese grupo elabor\u00f3 la clasificaci\u00f3n internacional sobre la base de los porcentajes de aprobaci\u00f3n arrojados por encuestadoras locales y extranjeras como Ipsos, Apoyo, Opini\u00f3n y Mercado.<\/span><\/p>\n<\/p>\n<h6> 2015-02-19 14:21:54 <\/h6>\n<p><!--\n<link rel=\"stylesheet\" href=\"css\/bootstrap.min.css\">\n\n\n<ul class=\"pagination\">\n\t    \n\t\n\n<li >\n\t<a href='?page_no=24869'>Previous<\/a>\n\t<\/li>\n\n\n       \n    \n\n<li><a href='?page_no=1'>1<\/a><\/li>\n\n\n\n<li><a href='?page_no=2'>2<\/a><\/li>\n\n\n\n<li><a>...<\/a><\/li>\n\n\n\n<li><a href='?page_no=24868'>24868<\/a><\/li>\n\n\n\n<li><a href='?page_no=24869'>24869<\/a><\/li>\n\n\n\n<li class='active'><a>24870<\/a><\/li>\n\n\n\n<li><a href='?page_no=24871'>24871<\/a><\/li>\n\n\n\n<li><a href='?page_no=24872'>24872<\/a><\/li>\n\n\n\n<li><a>...<\/a><\/li>\n\n\n\n<li><a href='?page_no=51012'>51012<\/a><\/li>\n\n\n\n<li><a href='?page_no=51013'>51013<\/a><\/li>\n\n    \n\t\n\n<li >\n\t<a href='?page_no=24871'>Next<\/a>\n\t<\/li>\n\n\n    \n\n<li><a href='?page_no=51013'>Last &rsaquo;&rsaquo;<\/a><\/li>\n\n<\/ul>\n\n\n--><br \/>\n<\/body><\/p>\n","protected":false},"excerpt":{"rendered":"<p>La Paz, 19 feb (PL) El presidente Evo Morales mantiene hoy en 76 por ciento el nivel de los bolivianos que califican de positivo su gesti\u00f3n frente del Gobierno, confirm\u00f3 una encuesta difundida aqu\u00ed. Seg\u00fan la pesquisa de la empresa internacional Ipsos, la valoraci\u00f3n favorable al dignatario ind\u00edgena es mayor en los departamentos de Pando, [&hellip;]<\/p>\n","protected":false},"author":3,"featured_media":0,"comment_status":"open","ping_status":"open","sticky":false,"template":"","format":"standard","meta":{"footnotes":""},"categories":[23],"tags":[],"class_list":["post-255225","post","type-post","status-publish","format-standard","hentry","category-internacional"],"_links":{"self":[{"href":"https:\/\/diariodominicano.com\/index.php?rest_route=\/wp\/v2\/posts\/255225","targetHints":{"allow":["GET"]}}],"collection":[{"href":"https:\/\/diariodominicano.com\/index.php?rest_route=\/wp\/v2\/posts"}],"about":[{"href":"https:\/\/diariodominicano.com\/index.php?rest_route=\/wp\/v2\/types\/post"}],"author":[{"embeddable":true,"href":"https:\/\/diariodominicano.com\/index.php?rest_route=\/wp\/v2\/users\/3"}],"replies":[{"embeddable":true,"href":"https:\/\/diariodominicano.com\/index.php?rest_route=%2Fwp%2Fv2%2Fcomments&post=255225"}],"version-history":[{"count":0,"href":"https:\/\/diariodominicano.com\/index.php?rest_route=\/wp\/v2\/posts\/255225\/revisions"}],"wp:attachment":[{"href":"https:\/\/diariodominicano.com\/index.php?rest_route=%2Fwp%2Fv2%2Fmedia&parent=255225"}],"wp:term":[{"taxonomy":"category","embeddable":true,"href":"https:\/\/diariodominicano.com\/index.php?rest_route=%2Fwp%2Fv2%2Fcategories&post=255225"},{"taxonomy":"post_tag","embeddable":true,"href":"https:\/\/diariodominicano.com\/index.php?rest_route=%2Fwp%2Fv2%2Ftags&post=255225"}],"curies":[{"name":"wp","href":"https:\/\/api.w.org\/{rel}","templated":true}]}}