{"id":255222,"date":"2015-02-19T22:03:38","date_gmt":"2015-02-19T22:03:38","guid":{"rendered":"http:\/\/diariodominicano.ddns.net\/?p=255222"},"modified":"2015-02-19T22:03:38","modified_gmt":"2015-02-19T22:03:38","slug":"experto-de-la-onu-evaluara-situacion-de-derechos-humanos-en-haiti","status":"publish","type":"post","link":"https:\/\/diariodominicano.com\/?p=255222","title":{"rendered":"Experto de la ONU evaluar\u00e1 situaci\u00f3n de derechos humanos en Hait\u00ed"},"content":{"rendered":"<p><body><\/p>\n<p><img decoding=\"async\" src=\"img3\/Haitie.jpg\" \/>  <\/p>\n<p><span class=\"text1noticias\">SANTO DOMINGO, 20 feb (Xinhua) &#8212; El experto independiente de las Naciones Unidas sobre la situaci\u00f3n de los derechos humanos en Hait\u00ed, Gustavo Gall\u00f3n, anunci\u00f3 hoy que visitar\u00e1 ese pa\u00eds del 22 de febrero al 3 de marzo, para realizar una evaluaci\u00f3n centrada particularmente en los derechos civiles y pol\u00edticos.<\/span><\/p>\n<p><span class=\"text1noticias\"> <\/span><\/p>\n<p><span class=\"text1noticias\">\u00abEl actual contexto preelectoral merece una atenci\u00f3n especial, y me gustar\u00eda que me informaran de la situaci\u00f3n de manera m\u00e1s directa en el suelo\u00bb, dijo Gall\u00f3n en un comunicado de prensa emitido por el Alto Comisionado de las Naciones Unidas para los Derechos Humanos (ACNUDH) y al que tuvo acceso Xinhua.<\/span><\/p>\n<p><span class=\"text1noticias\"> <\/span><\/p>\n<p><span class=\"text1noticias\">Gall\u00f3n estuvo en Puerto Pr\u00edncipe en julio de 2014, cuando llev\u00f3 a cabo una serie de recomendaciones a las autoridades de Hait\u00ed, en lo que respecta incluido el fortalecimiento del estado de derecho y la lucha contra la desigualdad.<\/span><\/p>\n<p><span class=\"text1noticias\"> <\/span><\/p>\n<p><span class=\"text1noticias\">\u00abAl igual que en mis dos anteriores misiones, me centrar\u00e9 en cinco prioridades, a saber, la desigualdad social, la situaci\u00f3n de las personas privadas de la libertad, el Estado de Derecho, violaciones de derechos humanos cometidas en el pasado, el impacto de los desastres en los derechos humanos, todo ello en un nuevo contexto pol\u00edtico\u00bb, dijo el experto.<\/span><\/p>\n<p><span class=\"text1noticias\"> <\/span><\/p>\n<p><span class=\"text1noticias\">Durante la misi\u00f3n que empieza la pr\u00f3xima semana, Gall\u00f3n se reunir\u00e1 con autoridades locales, representantes del cuerpo diplom\u00e1tico, funcionarios de la Misi\u00f3n de Estabilizaci\u00f3n de las Naciones Unidas en Hait\u00ed (Minustah), agencias de la ONU, y defensores de los derechos humanos y l\u00edderes de organizaciones de la sociedad civil.<\/span><\/p>\n<p><span class=\"text1noticias\"> <\/span><\/p>\n<p><span class=\"text1noticias\">El alto representante realizar\u00e1 una conferencia de prensa el 3 de marzo en la base log\u00edstica de la Minustah, para presentar las observaciones preliminares de su visita, que llevar\u00e1 al Consejo de Derechos Humanos en Ginebra el 24 de ese mismo mes.<\/span><\/p>\n<p><span class=\"text1noticias\">El Consejo de Derechos Humanos de las Naciones Unidas (ONU) eligi\u00f3 hace dos a\u00f1os al abogado colombiano nuevo experto independiente sobre la situaci\u00f3n de los Derechos Humanos en Hait\u00ed de la ONU.<\/span><\/p>\n<p><span class=\"text1noticias\"> <\/span><\/p>\n<p><span class=\"text1noticias\">Gall\u00f3n ya hab\u00eda ejercido una labor de responsabilidad similar cuando fue elegido representante especial de la Comisi\u00f3n de Derechos Humanos de Naciones Unidas para Guinea Ecuatorial desde 1999 hasta el<\/span> 2002.<\/p>\n<h6> 2015-02-19 22:03:38 <\/h6>\n<p><!--\n<link rel=\"stylesheet\" href=\"css\/bootstrap.min.css\">\n\n\n<ul class=\"pagination\">\n\t    \n\t\n\n<li >\n\t<a href='?page_no=24866'>Previous<\/a>\n\t<\/li>\n\n\n       \n    \n\n<li><a href='?page_no=1'>1<\/a><\/li>\n\n\n\n<li><a href='?page_no=2'>2<\/a><\/li>\n\n\n\n<li><a>...<\/a><\/li>\n\n\n\n<li><a href='?page_no=24865'>24865<\/a><\/li>\n\n\n\n<li><a href='?page_no=24866'>24866<\/a><\/li>\n\n\n\n<li class='active'><a>24867<\/a><\/li>\n\n\n\n<li><a href='?page_no=24868'>24868<\/a><\/li>\n\n\n\n<li><a href='?page_no=24869'>24869<\/a><\/li>\n\n\n\n<li><a>...<\/a><\/li>\n\n\n\n<li><a href='?page_no=51012'>51012<\/a><\/li>\n\n\n\n<li><a href='?page_no=51013'>51013<\/a><\/li>\n\n    \n\t\n\n<li >\n\t<a href='?page_no=24868'>Next<\/a>\n\t<\/li>\n\n\n    \n\n<li><a href='?page_no=51013'>Last &rsaquo;&rsaquo;<\/a><\/li>\n\n<\/ul>\n\n\n--><br \/>\n<\/body><\/p>\n","protected":false},"excerpt":{"rendered":"<p>SANTO DOMINGO, 20 feb (Xinhua) &#8212; El experto independiente de las Naciones Unidas sobre la situaci\u00f3n de los derechos humanos en Hait\u00ed, Gustavo Gall\u00f3n, anunci\u00f3 hoy que visitar\u00e1 ese pa\u00eds del 22 de febrero al 3 de marzo, para realizar una evaluaci\u00f3n centrada particularmente en los derechos civiles y pol\u00edticos. \u00abEl actual contexto preelectoral merece [&hellip;]<\/p>\n","protected":false},"author":3,"featured_media":0,"comment_status":"open","ping_status":"open","sticky":false,"template":"","format":"standard","meta":{"footnotes":""},"categories":[23],"tags":[],"class_list":["post-255222","post","type-post","status-publish","format-standard","hentry","category-internacional"],"_links":{"self":[{"href":"https:\/\/diariodominicano.com\/index.php?rest_route=\/wp\/v2\/posts\/255222","targetHints":{"allow":["GET"]}}],"collection":[{"href":"https:\/\/diariodominicano.com\/index.php?rest_route=\/wp\/v2\/posts"}],"about":[{"href":"https:\/\/diariodominicano.com\/index.php?rest_route=\/wp\/v2\/types\/post"}],"author":[{"embeddable":true,"href":"https:\/\/diariodominicano.com\/index.php?rest_route=\/wp\/v2\/users\/3"}],"replies":[{"embeddable":true,"href":"https:\/\/diariodominicano.com\/index.php?rest_route=%2Fwp%2Fv2%2Fcomments&post=255222"}],"version-history":[{"count":0,"href":"https:\/\/diariodominicano.com\/index.php?rest_route=\/wp\/v2\/posts\/255222\/revisions"}],"wp:attachment":[{"href":"https:\/\/diariodominicano.com\/index.php?rest_route=%2Fwp%2Fv2%2Fmedia&parent=255222"}],"wp:term":[{"taxonomy":"category","embeddable":true,"href":"https:\/\/diariodominicano.com\/index.php?rest_route=%2Fwp%2Fv2%2Fcategories&post=255222"},{"taxonomy":"post_tag","embeddable":true,"href":"https:\/\/diariodominicano.com\/index.php?rest_route=%2Fwp%2Fv2%2Ftags&post=255222"}],"curies":[{"name":"wp","href":"https:\/\/api.w.org\/{rel}","templated":true}]}}