{"id":255220,"date":"2015-02-19T22:40:08","date_gmt":"2015-02-19T22:40:08","guid":{"rendered":"http:\/\/diariodominicano.ddns.net\/?p=255220"},"modified":"2015-02-19T22:40:08","modified_gmt":"2015-02-19T22:40:08","slug":"detienen-a-alcalde-de-caracas-por-presunta-participacion-en-intento-de-golpe","status":"publish","type":"post","link":"https:\/\/diariodominicano.com\/?p=255220","title":{"rendered":"Detienen a alcalde de Caracas por presunta participaci\u00f3n en intento de golpe"},"content":{"rendered":"<p><body><\/p>\n<p><img decoding=\"async\" src=\"img3\/Vene.jpg\" \/>  <\/p>\n<p><span class=\"text1noticias\">CARACAS, 20 feb (Xinhua) &#8212; Autoridades venezolanas detuvieron hoy al alcalde de Caracas y dirigente opositor Antonio Ledezma, de derecha, acusado de participar en el fallido golpe de Estado contra el presidente Nicol\u00e1s Maduro.<\/span><\/p>\n<\/p>\n<p><span class=\"text1noticias\">El dirigente fue detenido en su oficina localizada en el este de la capital de Venezuela por funcionarios del Servicio de Inteligencia Nacional (Sebin).<\/span><\/p>\n<p><span class=\"text1noticias\"> <\/span><\/p>\n<p><span class=\"text1noticias\">En breves declaraciones a periodistas, la esposa de Ledezma, Mitzsy Capriles, inform\u00f3 que el alcalde fue trasladado a la sede del Sebin en Plaza Venezuela.<\/span><\/p>\n<p><span class=\"text1noticias\"> <\/span><\/p>\n<p><span class=\"text1noticias\">Ledezma, junto al diputado opositor Julio Borges, est\u00e1 vinculado al intento de golpe de Estado con el cual se buscaba derrocar al presidente Maduro y generar desestabilizaci\u00f3n en Venezuela para favorecer una eventual intervenci\u00f3n militar extranjera, seg\u00fan el presidente de la Asamblea Nacional (Poder Legislativo) Diosdado Cabello.<\/span><\/p>\n<p><span class=\"text1noticias\"> <\/span><\/p>\n<p><span class=\"text1noticias\"> En un programa de televisi\u00f3n transmitido el pasado 13 de febrero, Cabello, junto al miembro del Consejo Pol\u00edtico del Ejecutivo, Jorge Rodr\u00edguez, dijo que el general de la aviaci\u00f3n Oswaldo Hern\u00e1ndez, implicado en el nuevo complot, confes\u00f3 que Borges eligi\u00f3 los \u00abobjetivos t\u00e1cticos\u00bb a bombardear en la maniobra golpista.<\/span><\/p>\n<p><span class=\"text1noticias\"> <\/span><\/p>\n<p><span class=\"text1noticias\">  Cabello y Rodr\u00edguez mencionaron a Ledezma y al empresario Jos\u00e9 Gustavo Arocha como implicados en una estrategia que, seg\u00fan Maduro, cont\u00f3 con el financiamiento del gobierno estadounidense.<\/span><\/p>\n<p><span class=\"text1noticias\"> <\/span><\/p>\n<p><span class=\"text1noticias\"> El pasado 12 de febrero el jefe de Estado venezolano anunci\u00f3 que los cuerpos de seguridad locales desarticularon un plan golpista que pretend\u00eda asesinarlo junto a otros dirigentes pol\u00edticos para revertir el curso democr\u00e1tico y socialista emprendido hace 16 a\u00f1os por la Revoluci\u00f3n Bolivariana.<\/span><\/p>\n<p><span class=\"text1noticias\"> <\/span><\/p>\n<p><span class=\"text1noticias\"> Dicho plan, denominado \u00abAcuerdo Nacional de Transici\u00f3n en Paz\u00bb, fue firmado por Ledezma, por la ex diputada opositora Mar\u00eda Corina Machado y por otros dirigentes del ala m\u00e1s radical de la oposici\u00f3n venezolana.<\/span><\/p>\n<p><span class=\"text1noticias\"> <\/span><\/p>\n<p><span class=\"text1noticias\"> En el plan se incluye la disoluci\u00f3n de los poderes p\u00fablicos, la privatizaci\u00f3n de las empresas b\u00e1sicas y de Petr\u00f3leos de Venezuela, as\u00ed como la desaparici\u00f3n de las misiones so<\/span>ciales.<\/p>\n<h6> 2015-02-19 22:40:08 <\/h6>\n<p><!--\n<link rel=\"stylesheet\" href=\"css\/bootstrap.min.css\">\n\n\n<ul class=\"pagination\">\n\t    \n\t\n\n<li >\n\t<a href='?page_no=24864'>Previous<\/a>\n\t<\/li>\n\n\n       \n    \n\n<li><a href='?page_no=1'>1<\/a><\/li>\n\n\n\n<li><a href='?page_no=2'>2<\/a><\/li>\n\n\n\n<li><a>...<\/a><\/li>\n\n\n\n<li><a href='?page_no=24863'>24863<\/a><\/li>\n\n\n\n<li><a href='?page_no=24864'>24864<\/a><\/li>\n\n\n\n<li class='active'><a>24865<\/a><\/li>\n\n\n\n<li><a href='?page_no=24866'>24866<\/a><\/li>\n\n\n\n<li><a href='?page_no=24867'>24867<\/a><\/li>\n\n\n\n<li><a>...<\/a><\/li>\n\n\n\n<li><a href='?page_no=51012'>51012<\/a><\/li>\n\n\n\n<li><a href='?page_no=51013'>51013<\/a><\/li>\n\n    \n\t\n\n<li >\n\t<a href='?page_no=24866'>Next<\/a>\n\t<\/li>\n\n\n    \n\n<li><a href='?page_no=51013'>Last &rsaquo;&rsaquo;<\/a><\/li>\n\n<\/ul>\n\n\n--><br \/>\n<\/body><\/p>\n","protected":false},"excerpt":{"rendered":"<p>CARACAS, 20 feb (Xinhua) &#8212; Autoridades venezolanas detuvieron hoy al alcalde de Caracas y dirigente opositor Antonio Ledezma, de derecha, acusado de participar en el fallido golpe de Estado contra el presidente Nicol\u00e1s Maduro. El dirigente fue detenido en su oficina localizada en el este de la capital de Venezuela por funcionarios del Servicio de [&hellip;]<\/p>\n","protected":false},"author":3,"featured_media":0,"comment_status":"open","ping_status":"open","sticky":false,"template":"","format":"standard","meta":{"footnotes":""},"categories":[23],"tags":[],"class_list":["post-255220","post","type-post","status-publish","format-standard","hentry","category-internacional"],"_links":{"self":[{"href":"https:\/\/diariodominicano.com\/index.php?rest_route=\/wp\/v2\/posts\/255220","targetHints":{"allow":["GET"]}}],"collection":[{"href":"https:\/\/diariodominicano.com\/index.php?rest_route=\/wp\/v2\/posts"}],"about":[{"href":"https:\/\/diariodominicano.com\/index.php?rest_route=\/wp\/v2\/types\/post"}],"author":[{"embeddable":true,"href":"https:\/\/diariodominicano.com\/index.php?rest_route=\/wp\/v2\/users\/3"}],"replies":[{"embeddable":true,"href":"https:\/\/diariodominicano.com\/index.php?rest_route=%2Fwp%2Fv2%2Fcomments&post=255220"}],"version-history":[{"count":0,"href":"https:\/\/diariodominicano.com\/index.php?rest_route=\/wp\/v2\/posts\/255220\/revisions"}],"wp:attachment":[{"href":"https:\/\/diariodominicano.com\/index.php?rest_route=%2Fwp%2Fv2%2Fmedia&parent=255220"}],"wp:term":[{"taxonomy":"category","embeddable":true,"href":"https:\/\/diariodominicano.com\/index.php?rest_route=%2Fwp%2Fv2%2Fcategories&post=255220"},{"taxonomy":"post_tag","embeddable":true,"href":"https:\/\/diariodominicano.com\/index.php?rest_route=%2Fwp%2Fv2%2Ftags&post=255220"}],"curies":[{"name":"wp","href":"https:\/\/api.w.org\/{rel}","templated":true}]}}