{"id":255217,"date":"2015-02-20T14:03:32","date_gmt":"2015-02-20T14:03:32","guid":{"rendered":"http:\/\/diariodominicano.ddns.net\/?p=255217"},"modified":"2015-02-20T14:03:32","modified_gmt":"2015-02-20T14:03:32","slug":"casi-seis-mil-muertos-por-conflicto-en-sureste-ucraniano-onu","status":"publish","type":"post","link":"https:\/\/diariodominicano.com\/?p=255217","title":{"rendered":"&#13;&#13;Casi seis mil muertos por conflicto en sureste ucraniano, ONU"},"content":{"rendered":"<p><body><\/p>\n<p><img decoding=\"async\" src=\"img3\/ucrania_poblacion_muertos.jpg\" \/>  <\/p>\n<p><span class=\"text1noticias\">\t\t\t<\/span><\/p>\n<p><span class=\"text1noticias\">  <\/span><\/p>\n<\/p>\n<p><span class=\"text1noticias\">Naciones Unidas, 20 feb (PL) Desde mediados de abril de 2014, al menos cinco mil 692 personas perdieron la vida y 14 mil 122 resultaron heridas en el conflicto que azota el sureste ucraniano, advirti\u00f3 hoy Naciones Unidas.<\/span><\/p>\n<\/p>\n<p><span class=\"text1noticias\">Seg\u00fan la Oficina del Alto Comisionado para los Derechos Humanos, se trata de cifras conservadoras, dada la situaci\u00f3n del pa\u00eds europeo, sumido en la inestabilidad desde principios del a\u00f1o pasado, sobre todo a partir del golpe de Estado de febrero y los combates entre las nuevas autoridades de Kiev, electas en mayo, y rebeldes que rechazaron la asonada aupada por occidente.<\/span><\/p>\n<\/p>\n<p><span class=\"text1noticias\">Nuestros equipos en el terreno y la Organizaci\u00f3n Mundial de la Salud obtienen los datos de fuentes oficiales, pero creen que las v\u00edctimas son muchas m\u00e1s, precis\u00f3 a periodistas en Ginebra el portavoz de la Oficina, Rupert Colville.<\/span><\/p>\n<\/p>\n<p><span class=\"text1noticias\">El vocero adelant\u00f3 que se espera un incremento en la cifra de las bajas, a partir de la continuidad de los combates hasta hace muy poco en la estrat\u00e9gica ciudad de Debaltsevo, pese al acuerdo de alto el fuego en vigor desde el domingo \u00faltimo, despu\u00e9s de las pl\u00e1ticas en Minsk con apoyo de Rusia, Alemania y Francia.<\/span><\/p>\n<\/p>\n<p><span class=\"text1noticias\">Colville reiter\u00f3 el llamado de la ONU a la partes a respetar el cese de hostilidades en la regi\u00f3n del Donbass, donde insurgentes declararon la independencia de Donetsk y Luhansk, territorios severamente golpeados por los enfrentamientos y los bombardeos de la artiller\u00eda gubernamental, con saldo de muchas v\u00edctimas civiles.<\/span><\/p>\n<\/p>\n<p><span class=\"text1noticias\">De acuerdo con el funcionario, no se sabe con exactitud la cantidad de personas atrapadas en Debaltsevo, hasta el 18 de febrero el principal escenario de la ruptura del alto el fuego.<\/span><\/p>\n<h6> 2015-02-20 14:03:32 <\/h6>\n<p><!--\n<link rel=\"stylesheet\" href=\"css\/bootstrap.min.css\">\n\n\n<ul class=\"pagination\">\n\t    \n\t\n\n<li >\n\t<a href='?page_no=24861'>Previous<\/a>\n\t<\/li>\n\n\n       \n    \n\n<li><a href='?page_no=1'>1<\/a><\/li>\n\n\n\n<li><a href='?page_no=2'>2<\/a><\/li>\n\n\n\n<li><a>...<\/a><\/li>\n\n\n\n<li><a href='?page_no=24860'>24860<\/a><\/li>\n\n\n\n<li><a href='?page_no=24861'>24861<\/a><\/li>\n\n\n\n<li class='active'><a>24862<\/a><\/li>\n\n\n\n<li><a href='?page_no=24863'>24863<\/a><\/li>\n\n\n\n<li><a href='?page_no=24864'>24864<\/a><\/li>\n\n\n\n<li><a>...<\/a><\/li>\n\n\n\n<li><a href='?page_no=51012'>51012<\/a><\/li>\n\n\n\n<li><a href='?page_no=51013'>51013<\/a><\/li>\n\n    \n\t\n\n<li >\n\t<a href='?page_no=24863'>Next<\/a>\n\t<\/li>\n\n\n    \n\n<li><a href='?page_no=51013'>Last &rsaquo;&rsaquo;<\/a><\/li>\n\n<\/ul>\n\n\n--><br \/>\n<\/body><\/p>\n","protected":false},"excerpt":{"rendered":"<p>Naciones Unidas, 20 feb (PL) Desde mediados de abril de 2014, al menos cinco mil 692 personas perdieron la vida y 14 mil 122 resultaron heridas en el conflicto que azota el sureste ucraniano, advirti\u00f3 hoy Naciones Unidas. Seg\u00fan la Oficina del Alto Comisionado para los Derechos Humanos, se trata de cifras conservadoras, dada la [&hellip;]<\/p>\n","protected":false},"author":3,"featured_media":0,"comment_status":"open","ping_status":"open","sticky":false,"template":"","format":"standard","meta":{"footnotes":""},"categories":[23],"tags":[],"class_list":["post-255217","post","type-post","status-publish","format-standard","hentry","category-internacional"],"_links":{"self":[{"href":"https:\/\/diariodominicano.com\/index.php?rest_route=\/wp\/v2\/posts\/255217","targetHints":{"allow":["GET"]}}],"collection":[{"href":"https:\/\/diariodominicano.com\/index.php?rest_route=\/wp\/v2\/posts"}],"about":[{"href":"https:\/\/diariodominicano.com\/index.php?rest_route=\/wp\/v2\/types\/post"}],"author":[{"embeddable":true,"href":"https:\/\/diariodominicano.com\/index.php?rest_route=\/wp\/v2\/users\/3"}],"replies":[{"embeddable":true,"href":"https:\/\/diariodominicano.com\/index.php?rest_route=%2Fwp%2Fv2%2Fcomments&post=255217"}],"version-history":[{"count":0,"href":"https:\/\/diariodominicano.com\/index.php?rest_route=\/wp\/v2\/posts\/255217\/revisions"}],"wp:attachment":[{"href":"https:\/\/diariodominicano.com\/index.php?rest_route=%2Fwp%2Fv2%2Fmedia&parent=255217"}],"wp:term":[{"taxonomy":"category","embeddable":true,"href":"https:\/\/diariodominicano.com\/index.php?rest_route=%2Fwp%2Fv2%2Fcategories&post=255217"},{"taxonomy":"post_tag","embeddable":true,"href":"https:\/\/diariodominicano.com\/index.php?rest_route=%2Fwp%2Fv2%2Ftags&post=255217"}],"curies":[{"name":"wp","href":"https:\/\/api.w.org\/{rel}","templated":true}]}}