{"id":255216,"date":"2015-02-20T14:06:20","date_gmt":"2015-02-20T14:06:20","guid":{"rendered":"http:\/\/diariodominicano.ddns.net\/?p=255216"},"modified":"2015-02-20T14:06:20","modified_gmt":"2015-02-20T14:06:20","slug":"cumple-dos-meses-cese-el-fuego-decretado-por-las-farc-ep-en-colombia","status":"publish","type":"post","link":"https:\/\/diariodominicano.com\/?p=255216","title":{"rendered":"&#13;&#13;Cumple dos meses cese el fuego decretado por las FARC-EP en Colombia"},"content":{"rendered":"<p><body><\/p>\n<p><img decoding=\"async\" src=\"img3\/paz.jpg\" \/>  <\/p>\n<\/p>\n<p><span class=\"text1noticias\">\t\t<\/span><\/p>\n<p><span class=\"text1noticias\">  <\/span><\/p>\n<\/p>\n<\/p>\n<p><span class=\"text1noticias\">Bogot\u00e1, 20 feb (PL) Transcurridos hoy dos meses del inicio del cese el fuego decretado por las FARC-EP aumenta la expectativa entre los colombianos en torno a la posibilidad de que sean silenciadas todas las armas, para avanzar hacia el fin del conflicto.<\/span><\/p>\n<\/p>\n<p><span class=\"text1noticias\">La medida decretada por las Fuerzas Armadas Revolucionarias de Colombia-Ej\u00e9rcito del Pueblo (FARC-EP) fue interpretada como un gesto a favor de la paz por activistas, defensores de derechos humanos y otros actores del escenario pol\u00edtico.<\/span><\/p>\n<\/p>\n<p><span class=\"text1noticias\">No obstante las intenciones y resultados de esa disposici\u00f3n, aplaudida por veedores nacionales y por las propias comunidades asentadas en los tradicionales escenarios de enfrentamientos, el Gobierno ha descartado hasta el momento secundar la iniciativa.<\/span><\/p>\n<\/p>\n<p><span class=\"text1noticias\">Seg\u00fan pronunciamientos del movimiento insurgente, pese a la tregua puesta en vigor desde el pasado 20 de diciembre, prosiguen las arremetidas del Ej\u00e9rcito contra los campamentos de los grupos guerrilleros, acciones que ponen en peligro la continuidad de la pausa b\u00e9lica.<\/span><\/p>\n<\/p>\n<p><span class=\"text1noticias\">Ante recientes denuncias sobre combates con militares, las FARC-EP aseguraron que han sido obligadas a responder en leg\u00edtima defensa.<\/span><\/p>\n<\/p>\n<p><span class=\"text1noticias\">Tras un encuentro con miembros del Frente Amplio para la Paz, la insurgencia ratific\u00f3 su decisi\u00f3n de mantener la suspensi\u00f3n unilateral de los operativos ofensivos, a pesar de la persistencia de los ataques en su contra, que calific\u00f3 de sabotajes.<\/span><\/p>\n<\/p>\n<p><span class=\"text1noticias\">En La Habana, sede de las conversaciones entre voceros gubernamentales y de las FARC-EP para hallar una salida negociada al conflicto, ambas delegaciones comienzan a delinear la opci\u00f3n de un cese el fuego bilateral.<\/span><\/p>\n<\/p>\n<p><span class=\"text1noticias\">Mientras llega ese acuerdo surgen propuestas a lo interno del pa\u00eds para reducir la confrontaci\u00f3n y minimizar la victimizaci\u00f3n de la poblaci\u00f3n civil.<\/span><\/p>\n<\/p>\n<p><span class=\"text1noticias\">Una de ellas propone instaurar un cese el fuego parcial, en zonas muy golpeadas por la guerra, entre las que se menciona a resguardos ind\u00edgenas y asentamientos de afrodescendientes.<\/span><\/p>\n<\/p>\n<p><span class=\"text1noticias\">Tal iniciativa fue esbozada por el coordinador del sistema de Naciones Unidas (ONU) en Colombia Fabrizio Hochschild.<\/span><\/p>\n<\/p>\n<p><span class=\"text1noticias\">En su opini\u00f3n tal paso pudiera ser decisivo para aminorar el impacto de la conflagraci\u00f3n, la cual ha perjudicado de forma directa a 6,8 millones de personas en el transcurso de m\u00e1s de medio siglo.<\/span><\/p>\n<\/p>\n<p><span class=\"text1noticias\">En un ambiente de reciprocidad no puede ser que una parte ceda y la otra se limite a pedir solamente, as\u00ed no funcionar\u00e1, afirm\u00f3 el representante de la ONU, quien inst\u00f3 al Ejecutivo a adoptar comportamientos consecuentes con la decisi\u00f3n de las FARC-EP a favor de la distensi\u00f3n.<\/span><\/p>\n<\/p>\n<p><span class=\"text1noticias\">El siguiente ciclo de encuentros entre ambas fuerzas beligerantes comenzar\u00e1 en Cuba el pr\u00f3ximo 25 de febrero, con el reto de que las pl\u00e1ticas conduzcan a avances en el tema del cese el fuego bilateral, una demanda de religiosos, pol\u00edticos, activistas, l\u00edderes sociales, campesinos y ciudadanos de a pie.<\/span><\/p>\n<\/p>\n<p><span class=\"text1noticias\">Paralelamente a los progresos en los di\u00e1logos en Cuba, el pueblo debe apreciar que dentro del pa\u00eds los combates disminuyen, de lo contrario la paz seguir\u00e1 siendo una quimera para los colombianos, afirm\u00f3 el senador Iv\u00e1n Cepeda en declaraciones a Prensa Latina.<\/span><\/p>\n<\/p>\n<h6> 2015-02-20 14:06:20 <\/h6>\n<p><!--\n<link rel=\"stylesheet\" href=\"css\/bootstrap.min.css\">\n\n\n<ul class=\"pagination\">\n\t    \n\t\n\n<li >\n\t<a href='?page_no=24860'>Previous<\/a>\n\t<\/li>\n\n\n       \n    \n\n<li><a href='?page_no=1'>1<\/a><\/li>\n\n\n\n<li><a href='?page_no=2'>2<\/a><\/li>\n\n\n\n<li><a>...<\/a><\/li>\n\n\n\n<li><a href='?page_no=24859'>24859<\/a><\/li>\n\n\n\n<li><a href='?page_no=24860'>24860<\/a><\/li>\n\n\n\n<li class='active'><a>24861<\/a><\/li>\n\n\n\n<li><a href='?page_no=24862'>24862<\/a><\/li>\n\n\n\n<li><a href='?page_no=24863'>24863<\/a><\/li>\n\n\n\n<li><a>...<\/a><\/li>\n\n\n\n<li><a href='?page_no=51012'>51012<\/a><\/li>\n\n\n\n<li><a href='?page_no=51013'>51013<\/a><\/li>\n\n    \n\t\n\n<li >\n\t<a href='?page_no=24862'>Next<\/a>\n\t<\/li>\n\n\n    \n\n<li><a href='?page_no=51013'>Last &rsaquo;&rsaquo;<\/a><\/li>\n\n<\/ul>\n\n\n--><br \/>\n<\/body><\/p>\n","protected":false},"excerpt":{"rendered":"<p>Bogot\u00e1, 20 feb (PL) Transcurridos hoy dos meses del inicio del cese el fuego decretado por las FARC-EP aumenta la expectativa entre los colombianos en torno a la posibilidad de que sean silenciadas todas las armas, para avanzar hacia el fin del conflicto. La medida decretada por las Fuerzas Armadas Revolucionarias de Colombia-Ej\u00e9rcito del Pueblo [&hellip;]<\/p>\n","protected":false},"author":3,"featured_media":0,"comment_status":"open","ping_status":"open","sticky":false,"template":"","format":"standard","meta":{"footnotes":""},"categories":[23],"tags":[],"class_list":["post-255216","post","type-post","status-publish","format-standard","hentry","category-internacional"],"_links":{"self":[{"href":"https:\/\/diariodominicano.com\/index.php?rest_route=\/wp\/v2\/posts\/255216","targetHints":{"allow":["GET"]}}],"collection":[{"href":"https:\/\/diariodominicano.com\/index.php?rest_route=\/wp\/v2\/posts"}],"about":[{"href":"https:\/\/diariodominicano.com\/index.php?rest_route=\/wp\/v2\/types\/post"}],"author":[{"embeddable":true,"href":"https:\/\/diariodominicano.com\/index.php?rest_route=\/wp\/v2\/users\/3"}],"replies":[{"embeddable":true,"href":"https:\/\/diariodominicano.com\/index.php?rest_route=%2Fwp%2Fv2%2Fcomments&post=255216"}],"version-history":[{"count":0,"href":"https:\/\/diariodominicano.com\/index.php?rest_route=\/wp\/v2\/posts\/255216\/revisions"}],"wp:attachment":[{"href":"https:\/\/diariodominicano.com\/index.php?rest_route=%2Fwp%2Fv2%2Fmedia&parent=255216"}],"wp:term":[{"taxonomy":"category","embeddable":true,"href":"https:\/\/diariodominicano.com\/index.php?rest_route=%2Fwp%2Fv2%2Fcategories&post=255216"},{"taxonomy":"post_tag","embeddable":true,"href":"https:\/\/diariodominicano.com\/index.php?rest_route=%2Fwp%2Fv2%2Ftags&post=255216"}],"curies":[{"name":"wp","href":"https:\/\/api.w.org\/{rel}","templated":true}]}}