{"id":255215,"date":"2015-02-20T14:08:28","date_gmt":"2015-02-20T14:08:28","guid":{"rendered":"http:\/\/diariodominicano.ddns.net\/?p=255215"},"modified":"2015-02-20T14:08:28","modified_gmt":"2015-02-20T14:08:28","slug":"presidente-ruso-rinde-homenaje-a-veteranos-de-gran-guerra-patria","status":"publish","type":"post","link":"https:\/\/diariodominicano.com\/?p=255215","title":{"rendered":"&#13;&#13;&#13;Presidente ruso rinde homenaje a veteranos de Gran Guerra Patria\t\t\t&#13;"},"content":{"rendered":"<p><body><\/p>\n<p><img decoding=\"async\" src=\"img3\/putin-homenaje.jpg\" \/>  <\/p>\n<\/p>\n<p><span class=\"text1noticias\">Mosc\u00fa, 20 feb (PL) El presidente ruso, Vladimir Puitin, condecor\u00f3 hoy con la medalla del aniversario 70 de la Victoria a un grupo de veteranos de la Gran Guerra Patria (1941-1945), en el Kremlin.<\/span><\/p>\n<\/p>\n<p><span class=\"text1noticias\">La condecoraci\u00f3n tuvo lugar este viernes en la sala de ceremonias San Jorge, del Gran Palacio del Kremlin, con motivo de la celebraci\u00f3n del D\u00eda del Defensor de la Patria.<\/span><\/p>\n<\/p>\n<p><span class=\"text1noticias\">Cerca de 30 veteranos, entre ellos tres H\u00e9roes de la Uni\u00f3n Sovi\u00e9tica, fueron homenajeados en representaci\u00f3n de todos los participantes en operaciones combativas que marcaron un giro crucial hacia la victoria del 9 de mayo de 1945. Protagonistas de la contraofensiva alrededor de Mosc\u00fa, de las heroicas batallas de Stalingrado y de Kursk -la m\u00e1s grande de tanques que se haya registrado en la historia- y de la defensa de Leningrado estuvieron presentes en los homenajes.<\/span><\/p>\n<\/p>\n<p><span class=\"text1noticias\">Tambi\u00e9n recibieron la medalla conmemorativa de la Victoria tres guerrilleras (partizanki) de Bryan, Mosc\u00fa (provincia) y Stavropol, en el sur de Rusia.<\/span><\/p>\n<\/p>\n<p><span class=\"text1noticias\">La ceremonia se inscribe en el vasto programa de celebraciones que tienen lugar en la Federaci\u00f3n y en otros pa\u00edses vecinos de la Comunidad de Estados Independientes, que consideran la fecha una celebraci\u00f3n hist\u00f3rica colectiva, en nombre de la Uni\u00f3n Sovi\u00e9tica como el pa\u00eds vencedor sobre la Alemania nazi.<\/span><\/p>\n<h6> 2015-02-20 14:08:28 <\/h6>\n<p><!--\n<link rel=\"stylesheet\" href=\"css\/bootstrap.min.css\">\n\n\n<ul class=\"pagination\">\n\t    \n\t\n\n<li >\n\t<a href='?page_no=24859'>Previous<\/a>\n\t<\/li>\n\n\n       \n    \n\n<li><a href='?page_no=1'>1<\/a><\/li>\n\n\n\n<li><a href='?page_no=2'>2<\/a><\/li>\n\n\n\n<li><a>...<\/a><\/li>\n\n\n\n<li><a href='?page_no=24858'>24858<\/a><\/li>\n\n\n\n<li><a href='?page_no=24859'>24859<\/a><\/li>\n\n\n\n<li class='active'><a>24860<\/a><\/li>\n\n\n\n<li><a href='?page_no=24861'>24861<\/a><\/li>\n\n\n\n<li><a href='?page_no=24862'>24862<\/a><\/li>\n\n\n\n<li><a>...<\/a><\/li>\n\n\n\n<li><a href='?page_no=51012'>51012<\/a><\/li>\n\n\n\n<li><a href='?page_no=51013'>51013<\/a><\/li>\n\n    \n\t\n\n<li >\n\t<a href='?page_no=24861'>Next<\/a>\n\t<\/li>\n\n\n    \n\n<li><a href='?page_no=51013'>Last &rsaquo;&rsaquo;<\/a><\/li>\n\n<\/ul>\n\n\n--><br \/>\n<\/body><\/p>\n","protected":false},"excerpt":{"rendered":"<p>Mosc\u00fa, 20 feb (PL) El presidente ruso, Vladimir Puitin, condecor\u00f3 hoy con la medalla del aniversario 70 de la Victoria a un grupo de veteranos de la Gran Guerra Patria (1941-1945), en el Kremlin. La condecoraci\u00f3n tuvo lugar este viernes en la sala de ceremonias San Jorge, del Gran Palacio del Kremlin, con motivo de [&hellip;]<\/p>\n","protected":false},"author":3,"featured_media":0,"comment_status":"open","ping_status":"open","sticky":false,"template":"","format":"standard","meta":{"footnotes":""},"categories":[23],"tags":[],"class_list":["post-255215","post","type-post","status-publish","format-standard","hentry","category-internacional"],"_links":{"self":[{"href":"https:\/\/diariodominicano.com\/index.php?rest_route=\/wp\/v2\/posts\/255215","targetHints":{"allow":["GET"]}}],"collection":[{"href":"https:\/\/diariodominicano.com\/index.php?rest_route=\/wp\/v2\/posts"}],"about":[{"href":"https:\/\/diariodominicano.com\/index.php?rest_route=\/wp\/v2\/types\/post"}],"author":[{"embeddable":true,"href":"https:\/\/diariodominicano.com\/index.php?rest_route=\/wp\/v2\/users\/3"}],"replies":[{"embeddable":true,"href":"https:\/\/diariodominicano.com\/index.php?rest_route=%2Fwp%2Fv2%2Fcomments&post=255215"}],"version-history":[{"count":0,"href":"https:\/\/diariodominicano.com\/index.php?rest_route=\/wp\/v2\/posts\/255215\/revisions"}],"wp:attachment":[{"href":"https:\/\/diariodominicano.com\/index.php?rest_route=%2Fwp%2Fv2%2Fmedia&parent=255215"}],"wp:term":[{"taxonomy":"category","embeddable":true,"href":"https:\/\/diariodominicano.com\/index.php?rest_route=%2Fwp%2Fv2%2Fcategories&post=255215"},{"taxonomy":"post_tag","embeddable":true,"href":"https:\/\/diariodominicano.com\/index.php?rest_route=%2Fwp%2Fv2%2Ftags&post=255215"}],"curies":[{"name":"wp","href":"https:\/\/api.w.org\/{rel}","templated":true}]}}