{"id":255214,"date":"2015-02-20T14:13:38","date_gmt":"2015-02-20T14:13:38","guid":{"rendered":"http:\/\/diariodominicano.ddns.net\/?p=255214"},"modified":"2015-02-20T14:13:38","modified_gmt":"2015-02-20T14:13:38","slug":"candidatura-de-ruben-blades-a-la-presidencia-aviva-debate-en-panama","status":"publish","type":"post","link":"https:\/\/diariodominicano.com\/?p=255214","title":{"rendered":"&#13;&#13;&#13;Candidatura de Rub\u00e9n Blades a la presidencia aviva debate en Panam\u00e1"},"content":{"rendered":"<p><body><\/p>\n<p><img decoding=\"async\" src=\"img3\/ruben-blades.jpg\" \/>  <\/p>\n<\/p>\n<p><span class=\"text1noticias\">\t\t<\/span><\/p>\n<p><span class=\"text1noticias\">  <\/span><\/p>\n<\/p>\n<p><span class=\"text1noticias\">Panam\u00e1, 20 feb (PL) El reciente anuncio del popular m\u00fasico paname\u00f1o Rub\u00e9n Blades, de postularse para los comicios presidenciales de 2019, aviva hoy el debate en torno al panorama pol\u00edtico del pa\u00eds.<\/span><\/p>\n<\/p>\n<p><span class=\"text1noticias\">En un segundo intento por llegar a la Presidencia -en 1994 se postul\u00f3 como candidato del Movimiento Papa Egor\u00f3, partido creado por \u00e9l- algunos analistas y pol\u00edticos opinan que su aspiraci\u00f3n responde al inter\u00e9s de ingresar a la vida pol\u00edtica en un momento de crisis en los partidos.<\/span><\/p>\n<\/p>\n<p><span class=\"text1noticias\">Seg\u00fan Mitchell Doens, dirigente del Partido Revolucionario Democr\u00e1tico (PRD), actualmente las organizaciones pol\u00edticas son muy cuestionados por la opini\u00f3n p\u00fablica y hacen muy poco para resolver los problemas, pues no piensan en qu\u00e9 es lo m\u00e1s conveniente para el pa\u00eds y para la mayor\u00eda de los paname\u00f1os.<\/span><\/p>\n<\/p>\n<p><span class=\"text1noticias\">Ante esta realidad, la figura de Blades puede resultar como cualquiera otra independiente, precis\u00f3.<\/span><\/p>\n<\/p>\n<p><span class=\"text1noticias\">Con ese criterio coincide el analista pol\u00edtico Menalco Sol\u00eds, quien asegur\u00f3 que el int\u00e9rprete quiere incursionar como independiente, aprovechando el vac\u00edo y la carencia de l\u00edderes en los partidos que hoy est\u00e1n en la arena.<\/span><\/p>\n<\/p>\n<p><span class=\"text1noticias\">De concretar sus aspiraciones, Blades necesitar\u00eda de una plataforma para desarrollar su campa\u00f1a electoral, por lo que Sol\u00eds no descarta la posibilidad de que una facci\u00f3n del PRD apoye la candidatura teniendo en cuenta que fue ministro de Turismo durante el gobierno de Mart\u00edn Torrijos.<\/span><\/p>\n<\/p>\n<p><span class=\"text1noticias\">Posibilidad que refut\u00f3 Doens porque \u00abno lo veo en una finalidad ideol\u00f3gica con lo que queda del torrijismo\u00bb.<\/span><\/p>\n<\/p>\n<p><span class=\"text1noticias\">Hasta el momento, el ganador de dos premios Grammy no ha definido ni divulgado su estrategia para convertirse en Presidente de la Rep\u00fablica, pero s\u00ed confirm\u00f3 su intenci\u00f3n de retirarse de los escenarios y dedicarse a tiempo completo a la actividad pol\u00edtica.<\/span><\/p>\n<\/p>\n<p><span class=\"text1noticias\">De acuerdo con el magistrado del Tribunal Electoral, Eduardo Vald\u00e9s, antes de iniciarse la campa\u00f1a en las elecciones de 1994, Blades lider\u00f3 las encuestas sobre las preferencias pol\u00edticas de los ciudadanos para Presidente, sobre todo entre la juventud y los independientes.<\/span><\/p>\n<\/p>\n<p><span class=\"text1noticias\">Sin embargo, su indecisi\u00f3n de participar o no y su frecuente ausencia del pa\u00eds por compromisos profesionales en el exterior como artista, generaron un descenso en el apoyo que, al final, lo llev\u00f3 a un tercer lugar en la carrera presidencial.<\/span><\/p>\n<\/p>\n<h6> 2015-02-20 14:13:38 <\/h6>\n<p><!--\n<link rel=\"stylesheet\" href=\"css\/bootstrap.min.css\">\n\n\n<ul class=\"pagination\">\n\t    \n\t\n\n<li >\n\t<a href='?page_no=24858'>Previous<\/a>\n\t<\/li>\n\n\n       \n    \n\n<li><a href='?page_no=1'>1<\/a><\/li>\n\n\n\n<li><a href='?page_no=2'>2<\/a><\/li>\n\n\n\n<li><a>...<\/a><\/li>\n\n\n\n<li><a href='?page_no=24857'>24857<\/a><\/li>\n\n\n\n<li><a href='?page_no=24858'>24858<\/a><\/li>\n\n\n\n<li class='active'><a>24859<\/a><\/li>\n\n\n\n<li><a href='?page_no=24860'>24860<\/a><\/li>\n\n\n\n<li><a href='?page_no=24861'>24861<\/a><\/li>\n\n\n\n<li><a>...<\/a><\/li>\n\n\n\n<li><a href='?page_no=51012'>51012<\/a><\/li>\n\n\n\n<li><a href='?page_no=51013'>51013<\/a><\/li>\n\n    \n\t\n\n<li >\n\t<a href='?page_no=24860'>Next<\/a>\n\t<\/li>\n\n\n    \n\n<li><a href='?page_no=51013'>Last &rsaquo;&rsaquo;<\/a><\/li>\n\n<\/ul>\n\n\n--><br \/>\n<\/body><\/p>\n","protected":false},"excerpt":{"rendered":"<p>Panam\u00e1, 20 feb (PL) El reciente anuncio del popular m\u00fasico paname\u00f1o Rub\u00e9n Blades, de postularse para los comicios presidenciales de 2019, aviva hoy el debate en torno al panorama pol\u00edtico del pa\u00eds. En un segundo intento por llegar a la Presidencia -en 1994 se postul\u00f3 como candidato del Movimiento Papa Egor\u00f3, partido creado por \u00e9l- [&hellip;]<\/p>\n","protected":false},"author":3,"featured_media":0,"comment_status":"open","ping_status":"open","sticky":false,"template":"","format":"standard","meta":{"footnotes":""},"categories":[23],"tags":[],"class_list":["post-255214","post","type-post","status-publish","format-standard","hentry","category-internacional"],"_links":{"self":[{"href":"https:\/\/diariodominicano.com\/index.php?rest_route=\/wp\/v2\/posts\/255214","targetHints":{"allow":["GET"]}}],"collection":[{"href":"https:\/\/diariodominicano.com\/index.php?rest_route=\/wp\/v2\/posts"}],"about":[{"href":"https:\/\/diariodominicano.com\/index.php?rest_route=\/wp\/v2\/types\/post"}],"author":[{"embeddable":true,"href":"https:\/\/diariodominicano.com\/index.php?rest_route=\/wp\/v2\/users\/3"}],"replies":[{"embeddable":true,"href":"https:\/\/diariodominicano.com\/index.php?rest_route=%2Fwp%2Fv2%2Fcomments&post=255214"}],"version-history":[{"count":0,"href":"https:\/\/diariodominicano.com\/index.php?rest_route=\/wp\/v2\/posts\/255214\/revisions"}],"wp:attachment":[{"href":"https:\/\/diariodominicano.com\/index.php?rest_route=%2Fwp%2Fv2%2Fmedia&parent=255214"}],"wp:term":[{"taxonomy":"category","embeddable":true,"href":"https:\/\/diariodominicano.com\/index.php?rest_route=%2Fwp%2Fv2%2Fcategories&post=255214"},{"taxonomy":"post_tag","embeddable":true,"href":"https:\/\/diariodominicano.com\/index.php?rest_route=%2Fwp%2Fv2%2Ftags&post=255214"}],"curies":[{"name":"wp","href":"https:\/\/api.w.org\/{rel}","templated":true}]}}