{"id":255213,"date":"2015-02-20T14:17:34","date_gmt":"2015-02-20T14:17:34","guid":{"rendered":"http:\/\/diariodominicano.ddns.net\/?p=255213"},"modified":"2015-02-20T14:17:34","modified_gmt":"2015-02-20T14:17:34","slug":"nuevo-metodo-para-busqueda-de-desaparecidos-en-mexico","status":"publish","type":"post","link":"https:\/\/diariodominicano.com\/?p=255213","title":{"rendered":"&#13;&#13;Nuevo m\u00e9todo para b\u00fasqueda de desaparecidos en M\u00e9xico"},"content":{"rendered":"<p><body><\/p>\n<p><span class=\"text1noticias\">\t\t\t<\/span><\/p>\n<\/p>\n<p><span class=\"text1noticias\">M\u00e9xico, 20 feb (PL) Las autoridades mexicanas implementan hoy un nuevo m\u00e9todo nuevo m\u00e9todo para encontrar a las personas desaparecidas a partir de una nueva base de datos, inform\u00f3 la Procuradur\u00eda General de la Rep\u00fablica (PGR)<\/span><\/p>\n<\/p>\n<p><span class=\"text1noticias\">La nueva f\u00f3rmula integrar\u00e1 el registro actual de 23 mil 271 personas y nuevas denuncias presentadas ante las procuradur\u00edas y fiscal\u00edas estatales.<\/span><\/p>\n<\/p>\n<p><span class=\"text1noticias\">Eliana Garc\u00eda, encargada de la subprocuradur\u00eda de Derechos Humanos de la PGR, explic\u00f3 que la base de datos forma parte de los esfuerzos que desde 2014 se realizan para establecer criterios y una metodolog\u00eda para la depuraci\u00f3n del Registro Nacional de Personas Extraviadas o Desaparecidas.<\/span><\/p>\n<\/p>\n<p><span class=\"text1noticias\">\u00abLo que no sabemos es d\u00f3nde est\u00e1n. Y como no sabemos d\u00f3nde est\u00e1n tenemos que buscarlos\u00bb, dijo.<\/span><\/p>\n<\/p>\n<p><span class=\"text1noticias\">La nueva base de datos consiste en un software dise\u00f1ado por la Cruz Roja Internacional a trav\u00e9s del programa Missing y en la cual participaron para su confecci\u00f3n expertos de todo el mundo, forenses, antrop\u00f3logos, especialistas en b\u00fasqueda de personas y fiscales.<\/span><\/p>\n<\/p>\n<p><span class=\"text1noticias\">\u00abEs un instrumento que tendr\u00e1 dos m\u00f3dulos. Uno antemortem y otro postmortem. Consiste en un cuestionario para recolectar datos de personas desaparecidas en cuanto se presente una denuncia y otro para utilizarse como protocolo para el tratamiento de identificaci\u00f3n forense que las procuradur\u00edas deben utilizar al momento que encuentren una fosa clandestina\u00bb, explic\u00f3.<\/span><\/p>\n<\/p>\n<p><span class=\"text1noticias\">Hasta el momento son cinco las entidades en las que ya se realizan ambos procedimientos: el Distrito Federal, los estados de M\u00e9xico, Puebla, Tlaxcala y Veracruz y en todas las instancias de la Procuradur\u00eda General de la Rep\u00fablica, indic\u00f3 al diario Milenio.<\/span><\/p>\n<\/p>\n<p><span class=\"text1noticias\">Los datos recabados tanto en el cuestionario que se realiza a quien denuncie una desaparici\u00f3n como los que llenen los forenses que encuentren una fosa se est\u00e1n vaciando en el software y la informaci\u00f3n podr\u00e1 cruzarse con registros ya existentes.<\/span><\/p>\n<\/p>\n<p><span class=\"text1noticias\">Seg\u00fan los planes de la PGR, este a\u00f1o debe concluir la capacitaci\u00f3n y la instalaci\u00f3n del software en todas las procuradur\u00edas y fiscal\u00edas estatales y en 2016 la base de datos podr\u00eda estar operando en todo el pa\u00eds.<\/span><\/p>\n<h6> 2015-02-20 14:17:34 <\/h6>\n<p><!--\n<link rel=\"stylesheet\" href=\"css\/bootstrap.min.css\">\n\n\n<ul class=\"pagination\">\n\t    \n\t\n\n<li >\n\t<a href='?page_no=24857'>Previous<\/a>\n\t<\/li>\n\n\n       \n    \n\n<li><a href='?page_no=1'>1<\/a><\/li>\n\n\n\n<li><a href='?page_no=2'>2<\/a><\/li>\n\n\n\n<li><a>...<\/a><\/li>\n\n\n\n<li><a href='?page_no=24856'>24856<\/a><\/li>\n\n\n\n<li><a href='?page_no=24857'>24857<\/a><\/li>\n\n\n\n<li class='active'><a>24858<\/a><\/li>\n\n\n\n<li><a href='?page_no=24859'>24859<\/a><\/li>\n\n\n\n<li><a href='?page_no=24860'>24860<\/a><\/li>\n\n\n\n<li><a>...<\/a><\/li>\n\n\n\n<li><a href='?page_no=51012'>51012<\/a><\/li>\n\n\n\n<li><a href='?page_no=51013'>51013<\/a><\/li>\n\n    \n\t\n\n<li >\n\t<a href='?page_no=24859'>Next<\/a>\n\t<\/li>\n\n\n    \n\n<li><a href='?page_no=51013'>Last &rsaquo;&rsaquo;<\/a><\/li>\n\n<\/ul>\n\n\n--><br \/>\n<\/body><\/p>\n","protected":false},"excerpt":{"rendered":"<p>M\u00e9xico, 20 feb (PL) Las autoridades mexicanas implementan hoy un nuevo m\u00e9todo nuevo m\u00e9todo para encontrar a las personas desaparecidas a partir de una nueva base de datos, inform\u00f3 la Procuradur\u00eda General de la Rep\u00fablica (PGR) La nueva f\u00f3rmula integrar\u00e1 el registro actual de 23 mil 271 personas y nuevas denuncias presentadas ante las procuradur\u00edas [&hellip;]<\/p>\n","protected":false},"author":3,"featured_media":0,"comment_status":"open","ping_status":"open","sticky":false,"template":"","format":"standard","meta":{"footnotes":""},"categories":[23],"tags":[],"class_list":["post-255213","post","type-post","status-publish","format-standard","hentry","category-internacional"],"_links":{"self":[{"href":"https:\/\/diariodominicano.com\/index.php?rest_route=\/wp\/v2\/posts\/255213","targetHints":{"allow":["GET"]}}],"collection":[{"href":"https:\/\/diariodominicano.com\/index.php?rest_route=\/wp\/v2\/posts"}],"about":[{"href":"https:\/\/diariodominicano.com\/index.php?rest_route=\/wp\/v2\/types\/post"}],"author":[{"embeddable":true,"href":"https:\/\/diariodominicano.com\/index.php?rest_route=\/wp\/v2\/users\/3"}],"replies":[{"embeddable":true,"href":"https:\/\/diariodominicano.com\/index.php?rest_route=%2Fwp%2Fv2%2Fcomments&post=255213"}],"version-history":[{"count":0,"href":"https:\/\/diariodominicano.com\/index.php?rest_route=\/wp\/v2\/posts\/255213\/revisions"}],"wp:attachment":[{"href":"https:\/\/diariodominicano.com\/index.php?rest_route=%2Fwp%2Fv2%2Fmedia&parent=255213"}],"wp:term":[{"taxonomy":"category","embeddable":true,"href":"https:\/\/diariodominicano.com\/index.php?rest_route=%2Fwp%2Fv2%2Fcategories&post=255213"},{"taxonomy":"post_tag","embeddable":true,"href":"https:\/\/diariodominicano.com\/index.php?rest_route=%2Fwp%2Fv2%2Ftags&post=255213"}],"curies":[{"name":"wp","href":"https:\/\/api.w.org\/{rel}","templated":true}]}}