{"id":255212,"date":"2015-02-20T14:22:35","date_gmt":"2015-02-20T14:22:35","guid":{"rendered":"http:\/\/diariodominicano.ddns.net\/?p=255212"},"modified":"2015-02-20T14:22:35","modified_gmt":"2015-02-20T14:22:35","slug":"siria-e-indonesia-reafirman-su-voluntad-de-enfrentar-el-terrorismo","status":"publish","type":"post","link":"https:\/\/diariodominicano.com\/?p=255212","title":{"rendered":"&#13;&#13;Siria e Indonesia reafirman su voluntad de enfrentar el terrorismo"},"content":{"rendered":"<p><body><\/p>\n<p><img decoding=\"async\" src=\"img3\/siria-indonesia-terrorismo.jpg\" \/>  <\/p>\n<\/p>\n<\/p>\n<p>Damasco, 20 feb (PL) El ministro del Interior sirio, Mohamad al-Shaar, recibi\u00f3 aqu\u00ed al embajador de Indonesia, Joko Haryanto, reafirmando el deseo de ambas naciones en ampliar sus relaciones bilaterales, especialmente en la lucha contra el terrorismo.<\/p>\n<\/p>\n<p>En el encuentro celebrado la v\u00edspera, al-Shaar reconoci\u00f3 el apoyo del gobierno y pueblo de Indonesia a las luchas que enfrenta Siria contra el terrorismo internacional y en particular en el enfrentamiento a la organizaci\u00f3n extremista conocida como Estado Esl\u00e1mico (EI).<\/p>\n<\/p>\n<p>Reafirm\u00f3 adem\u00e1s la posici\u00f3n del gobierno de Damasco contra el terrorismo patrocinado por potencias occidentales y algunos pa\u00edses de la regi\u00f3n, augurando que este flagelo se revertir\u00e1 contra los que hoy lo patrocinan.<\/p>\n<\/p>\n<p>Por su parte, el diplom\u00e1tico indonesio ratific\u00f3 el apoyo de su pa\u00eds al gobierno y pueblo sirio en la guerra que est\u00e1 librando contra los grupos armados que pretenden romper la estabilidad y tranquilidad del pa\u00eds \u00e1rabe.<\/p>\n<\/p>\n<p>Expres\u00f3 adem\u00e1s la preocupaci\u00f3n de Indonesia por la adhesi\u00f3n de algunos de sus ciudadanos a las organizaciones terroristas que operan en Siria, y por el peligro que representan cuando decidan repatriarse a su naci\u00f3n.<\/p>\n<\/p>\n<p>El pasado 9 de febrero, Haryanto present\u00f3 sus cartas credenciales como embajador de Indonesia en Siria, ante el presidente Bashar al-Assad.<\/p>\n<h6> 2015-02-20 14:22:35 <\/h6>\n<p><!--\n<link rel=\"stylesheet\" href=\"css\/bootstrap.min.css\">\n\n\n<ul class=\"pagination\">\n\t    \n\t\n\n<li >\n\t<a href='?page_no=24856'>Previous<\/a>\n\t<\/li>\n\n\n       \n    \n\n<li><a href='?page_no=1'>1<\/a><\/li>\n\n\n\n<li><a href='?page_no=2'>2<\/a><\/li>\n\n\n\n<li><a>...<\/a><\/li>\n\n\n\n<li><a href='?page_no=24855'>24855<\/a><\/li>\n\n\n\n<li><a href='?page_no=24856'>24856<\/a><\/li>\n\n\n\n<li class='active'><a>24857<\/a><\/li>\n\n\n\n<li><a href='?page_no=24858'>24858<\/a><\/li>\n\n\n\n<li><a href='?page_no=24859'>24859<\/a><\/li>\n\n\n\n<li><a>...<\/a><\/li>\n\n\n\n<li><a href='?page_no=51012'>51012<\/a><\/li>\n\n\n\n<li><a href='?page_no=51013'>51013<\/a><\/li>\n\n    \n\t\n\n<li >\n\t<a href='?page_no=24858'>Next<\/a>\n\t<\/li>\n\n\n    \n\n<li><a href='?page_no=51013'>Last &rsaquo;&rsaquo;<\/a><\/li>\n\n<\/ul>\n\n\n--><br \/>\n<\/body><\/p>\n","protected":false},"excerpt":{"rendered":"<p>Damasco, 20 feb (PL) El ministro del Interior sirio, Mohamad al-Shaar, recibi\u00f3 aqu\u00ed al embajador de Indonesia, Joko Haryanto, reafirmando el deseo de ambas naciones en ampliar sus relaciones bilaterales, especialmente en la lucha contra el terrorismo. En el encuentro celebrado la v\u00edspera, al-Shaar reconoci\u00f3 el apoyo del gobierno y pueblo de Indonesia a las [&hellip;]<\/p>\n","protected":false},"author":3,"featured_media":0,"comment_status":"open","ping_status":"open","sticky":false,"template":"","format":"standard","meta":{"footnotes":""},"categories":[23],"tags":[],"class_list":["post-255212","post","type-post","status-publish","format-standard","hentry","category-internacional"],"_links":{"self":[{"href":"https:\/\/diariodominicano.com\/index.php?rest_route=\/wp\/v2\/posts\/255212","targetHints":{"allow":["GET"]}}],"collection":[{"href":"https:\/\/diariodominicano.com\/index.php?rest_route=\/wp\/v2\/posts"}],"about":[{"href":"https:\/\/diariodominicano.com\/index.php?rest_route=\/wp\/v2\/types\/post"}],"author":[{"embeddable":true,"href":"https:\/\/diariodominicano.com\/index.php?rest_route=\/wp\/v2\/users\/3"}],"replies":[{"embeddable":true,"href":"https:\/\/diariodominicano.com\/index.php?rest_route=%2Fwp%2Fv2%2Fcomments&post=255212"}],"version-history":[{"count":0,"href":"https:\/\/diariodominicano.com\/index.php?rest_route=\/wp\/v2\/posts\/255212\/revisions"}],"wp:attachment":[{"href":"https:\/\/diariodominicano.com\/index.php?rest_route=%2Fwp%2Fv2%2Fmedia&parent=255212"}],"wp:term":[{"taxonomy":"category","embeddable":true,"href":"https:\/\/diariodominicano.com\/index.php?rest_route=%2Fwp%2Fv2%2Fcategories&post=255212"},{"taxonomy":"post_tag","embeddable":true,"href":"https:\/\/diariodominicano.com\/index.php?rest_route=%2Fwp%2Fv2%2Ftags&post=255212"}],"curies":[{"name":"wp","href":"https:\/\/api.w.org\/{rel}","templated":true}]}}