{"id":255208,"date":"2015-02-21T14:48:30","date_gmt":"2015-02-21T14:48:30","guid":{"rendered":"http:\/\/diariodominicano.ddns.net\/?p=255208"},"modified":"2015-02-21T14:48:30","modified_gmt":"2015-02-21T14:48:30","slug":"correa-advierte-sobre-menos-circulante-en-ecuador-debido-a-caida-de-precio-de-petroleo","status":"publish","type":"post","link":"https:\/\/diariodominicano.com\/?p=255208","title":{"rendered":"Correa advierte sobre menos circulante en Ecuador debido a ca\u00edda de precio de petr\u00f3leo"},"content":{"rendered":"<p><body><\/p>\n<p><img decoding=\"async\" src=\"img3\/rafaelcorrea.jpg\" \/>  <\/p>\n<p><span class=\"text1noticias\">     QUITO, 21 feb (Xinhua) &#8212; El presidente de Ecuador, Rafael Correa afirm\u00f3 que existe menos circulante en la dolarizada econom\u00eda de su pa\u00eds, debido a la ca\u00edda del precio del petr\u00f3leo en el mercado internacional y choques externos que han golpeado a la regi\u00f3n.<\/span><\/p>\n<\/p>\n<p><span class=\"text1noticias\">     \u00abLa econom\u00eda est\u00e1 bastante l\u00edquida, el problema es que sigue aumentando el cr\u00e9dito bancario, nivel de actividad, pero hay menos circulante. Entonces, en un momento dado, eso puede crear recesi\u00f3n. Tenemos que ver la manera para evitar aquello\u00bb, dijo Correa en su informe semanal de labores.<\/span><\/p>\n<\/p>\n<p><span class=\"text1noticias\">     El mandatario, economista de profesi\u00f3n, explic\u00f3 que Ecuador enfrenta no solo el desplome del precio del petr\u00f3leo, su principal producto de exportaci\u00f3n, sino tambi\u00e9n la apreciaci\u00f3n del d\u00f3lar, moneda que se adopt\u00f3 desde el a\u00f1o 2000 tras una severa crisis financiera.<\/span><\/p>\n<\/p>\n<p><span class=\"text1noticias\">     \u00abEntonces, el panorama se nos complica mucho m\u00e1s, pero no tememos a los desaf\u00edos\u00bb, apunt\u00f3 el gobernante quien indic\u00f3 que peri\u00f3dicamente eval\u00faa con su equipo econ\u00f3mico como evoluciona el entorno macroecon\u00f3mico.<\/span><\/p>\n<\/p>\n<p><span class=\"text1noticias\">     Recalc\u00f3 que el problema de su pa\u00eds no es fiscal, sino externo, ya que \u00abingresan mucho menos divisas, (y) en consecuencia, hay menos divisas para comprar importaciones\u00bb.<\/span><\/p>\n<\/p>\n<p><span class=\"text1noticias\">     \u00abHay menos divisas para que funcione la econom\u00eda nacional, por eso se aplic\u00f3 salvaguardias cambiarias a Colombia (21 por ciento) y a Per\u00fa (7 por ciento)\u00bb desde enero pasado, justific\u00f3 tras anotar que Ecuador no puede recurrir al tipo de cambio ya que no tiene moneda nacional.<\/span><\/p>\n<\/p>\n<p><span class=\"text1noticias\">     A\u00f1adi\u00f3 que el ingreso de d\u00f3lares a Ecuador es un problema estructural, ya que el sector p\u00fablico es el que m\u00e1s genera divisas por las exportaciones de petr\u00f3leo, pero el sector privado es deficitario.<\/span><\/p>\n<\/p>\n<p><span class=\"text1noticias\">     En 2014,  el flujo neto del sector privado fue de menos 5.000 millones de d\u00f3lares, frente a los m\u00e1s de 6.960 millones de d\u00f3lares del sector p\u00fablico, resumi\u00f3.<\/span><\/p>\n<\/p>\n<p><span class=\"text1noticias\">     Esto, seg\u00fan el mandatario, \u00abpermite tener un flujo neto total positivo de 1.784 millones de d\u00f3lares\u00bb.<\/span><\/p>\n<\/p>\n<p><span class=\"text1noticias\">     \u00abEl problema en 2015 es que esto se va a reducir grandemente, por la ca\u00edda de los precios del petr\u00f3leo, y debemos tomar todas las medidas del caso\u00bb, advirti\u00f3.<\/span><\/p>\n<\/p>\n<p><span class=\"text1noticias\">     En ese sentido, insisti\u00f3 que al ingresar menos divisas en la econom\u00eda, hay menos medio de intercambio para financiar la actividad econ\u00f3mica, y esto, \u00abpuede ser tremendamente recesivo\u00bb.<\/span><\/p>\n<\/p>\n<p><span class=\"text1noticias\">     \u00abLa econom\u00eda avanza, el nivel del cr\u00e9dito, pero no est\u00e1 acompa\u00f1ado en esa misma proporci\u00f3n por adecuada liquidez, divisas para mantener el nivel de actividad econ\u00f3mica\u00bb, subray\u00f3.<\/span><\/p>\n<\/p>\n<p><span class=\"text1noticias\">     Pese a ello, Correa, asegur\u00f3 que \u00absaldremos adelante\u00bb al se\u00f1alar que en 2009 ya se enfrent\u00f3 un panorama dif\u00edcil cuando se desplom\u00f3 el precio del petr\u00f3leo llegando a 24 d\u00f3lares el barril,  y la econom\u00eda nacional era \u00abmucho m\u00e1s d\u00e9bil\u00bb.<\/span><\/p>\n<\/p>\n<p><span class=\"text1noticias\">     \u00abHoy estamos en muchas mejores condiciones para enfrentar choques externos\u00bb, acot\u00f3.<\/span><\/p>\n<\/p>\n<p><span class=\"text1noticias\">     Por su parte, el ministro coordinador de Pol\u00edtica Econ\u00f3mica, Patricio Rivera, se\u00f1al\u00f3 que la liquidez de la econom\u00eda local ha aumentado m\u00e1s que el Producto Interno Bruto (PIB), pero para que esto se mantenga se necesitan d\u00f3lares.<\/span><\/p>\n<\/p>\n<p><span class=\"text1noticias\">     Frente a ello, dijo que el gobierno busca impulsar la inversi\u00f3n \u00abque genera empleo, consumo nacional, y desincentivar las importaciones\u00bb.<\/span><\/p>\n<\/p>\n<p><span class=\"text1noticias\">     Vamos a \u00abdefender los d\u00f3lares dentro de la econom\u00eda y que la gente pueda tener dinero para comprarles a nuestros productores\u00bb, indic\u00f3.<\/span> Fin<\/p>\n<h6> 2015-02-21 14:48:30 <\/h6>\n<p><!--\n<link rel=\"stylesheet\" href=\"css\/bootstrap.min.css\">\n\n\n<ul class=\"pagination\">\n\t    \n\t\n\n<li >\n\t<a href='?page_no=24852'>Previous<\/a>\n\t<\/li>\n\n\n       \n    \n\n<li><a href='?page_no=1'>1<\/a><\/li>\n\n\n\n<li><a href='?page_no=2'>2<\/a><\/li>\n\n\n\n<li><a>...<\/a><\/li>\n\n\n\n<li><a href='?page_no=24851'>24851<\/a><\/li>\n\n\n\n<li><a href='?page_no=24852'>24852<\/a><\/li>\n\n\n\n<li class='active'><a>24853<\/a><\/li>\n\n\n\n<li><a href='?page_no=24854'>24854<\/a><\/li>\n\n\n\n<li><a href='?page_no=24855'>24855<\/a><\/li>\n\n\n\n<li><a>...<\/a><\/li>\n\n\n\n<li><a href='?page_no=51012'>51012<\/a><\/li>\n\n\n\n<li><a href='?page_no=51013'>51013<\/a><\/li>\n\n    \n\t\n\n<li >\n\t<a href='?page_no=24854'>Next<\/a>\n\t<\/li>\n\n\n    \n\n<li><a href='?page_no=51013'>Last &rsaquo;&rsaquo;<\/a><\/li>\n\n<\/ul>\n\n\n--><br \/>\n<\/body><\/p>\n","protected":false},"excerpt":{"rendered":"<p>QUITO, 21 feb (Xinhua) &#8212; El presidente de Ecuador, Rafael Correa afirm\u00f3 que existe menos circulante en la dolarizada econom\u00eda de su pa\u00eds, debido a la ca\u00edda del precio del petr\u00f3leo en el mercado internacional y choques externos que han golpeado a la regi\u00f3n. \u00abLa econom\u00eda est\u00e1 bastante l\u00edquida, el problema es que sigue aumentando [&hellip;]<\/p>\n","protected":false},"author":3,"featured_media":0,"comment_status":"open","ping_status":"open","sticky":false,"template":"","format":"standard","meta":{"footnotes":""},"categories":[23],"tags":[],"class_list":["post-255208","post","type-post","status-publish","format-standard","hentry","category-internacional"],"_links":{"self":[{"href":"https:\/\/diariodominicano.com\/index.php?rest_route=\/wp\/v2\/posts\/255208","targetHints":{"allow":["GET"]}}],"collection":[{"href":"https:\/\/diariodominicano.com\/index.php?rest_route=\/wp\/v2\/posts"}],"about":[{"href":"https:\/\/diariodominicano.com\/index.php?rest_route=\/wp\/v2\/types\/post"}],"author":[{"embeddable":true,"href":"https:\/\/diariodominicano.com\/index.php?rest_route=\/wp\/v2\/users\/3"}],"replies":[{"embeddable":true,"href":"https:\/\/diariodominicano.com\/index.php?rest_route=%2Fwp%2Fv2%2Fcomments&post=255208"}],"version-history":[{"count":0,"href":"https:\/\/diariodominicano.com\/index.php?rest_route=\/wp\/v2\/posts\/255208\/revisions"}],"wp:attachment":[{"href":"https:\/\/diariodominicano.com\/index.php?rest_route=%2Fwp%2Fv2%2Fmedia&parent=255208"}],"wp:term":[{"taxonomy":"category","embeddable":true,"href":"https:\/\/diariodominicano.com\/index.php?rest_route=%2Fwp%2Fv2%2Fcategories&post=255208"},{"taxonomy":"post_tag","embeddable":true,"href":"https:\/\/diariodominicano.com\/index.php?rest_route=%2Fwp%2Fv2%2Ftags&post=255208"}],"curies":[{"name":"wp","href":"https:\/\/api.w.org\/{rel}","templated":true}]}}