{"id":255205,"date":"2015-02-22T10:25:28","date_gmt":"2015-02-22T10:25:28","guid":{"rendered":"http:\/\/diariodominicano.ddns.net\/?p=255205"},"modified":"2015-02-22T10:25:28","modified_gmt":"2015-02-22T10:25:28","slug":"cristina-fernandez-califica-de-opositora-la-marcha-por-nisman","status":"publish","type":"post","link":"https:\/\/diariodominicano.com\/?p=255205","title":{"rendered":"Cristina Fern\u00e1ndez  califica de \u00abopositora\u00bb la marcha por Nisman"},"content":{"rendered":"<p><body><\/p>\n<p><img decoding=\"async\" src=\"img3\/silencio 22.jpg\" \/>  <\/p>\n<p>Buenos Aires, Argentina 22 febrero.- La presidenta argentina, Cristina Fern\u00e1ndez, sali\u00f3 hoy de su silencio para cuestionar a la multitudinaria marcha realizada el pasado mi\u00e9rcoles en homenaje al fallecido fiscal Alberto Nisman, a la que calific\u00f3 de \u00abbautismo de fuego\u00bb de un \u00abPartido Judicial\u00bb enfrentado al poder Ejecutivo.<\/p>\n<\/p>\n<p>La mandataria public\u00f3 un mensaje en su p\u00e1gina web donde afirm\u00f3 que la marcha, convocada por un grupo de fiscales en honor a Nisman, \u00abno fue para nada un acto de homenaje a una persona tr\u00e1gicamente fallecida, con la obvia excepci\u00f3n de sus familiares directos\u00bb.<\/p>\n<\/p>\n<p>\u00abEl 18F (18 de febrero) no es el homenaje a un fiscal, ni siquiera un reclamo ins\u00f3lito de justicia, sino el bautismo de fuego del Partido Judicial\u00bb, sostuvo la jefa de Estado argentina.<\/p>\n<\/p>\n<p>La mandataria argentina cuestion\u00f3 que se le reprochara no hablar sobre el fallecido fiscal.<\/p>\n<\/p>\n<p>\u00abResulta curioso que cuando hablo de lo que algunos no quieren, un fiscal me exige que me calle, y cuando no hablo de lo que ellos quieren, me reclaman que hable\u00bb, apunt\u00f3.<\/p>\n<\/p>\n<p>Fern\u00e1ndez tambi\u00e9n calific\u00f3 de \u00ababsurda y pol\u00edticamente armada\u00bb la cifra de asistentes a la marcha difundida por los medios de comunicaci\u00f3n argentinos, que estimaron la presencia de unas 400.000 personas.<\/p>\n<\/p>\n<p>La presidenta argentina adjudic\u00f3 el n\u00famero a que el \u00abPartido Judicial\u00bb debe aparecer con \u00abrespaldo masivo\u00bb que \u00abavale y d\u00e9 aires de legalidad a cualquier mamarracho judicial, independientemente de lo que digan las leyes, los c\u00f3digos de fondo y de forma y hasta la mism\u00edsima Constituci\u00f3n\u00bb.<\/p>\n<\/p>\n<p>\u00abTanto en lo gestual como en las palabras y en lo ostensiblemente visible, el 18F fue decididamente una marcha opositora, convocada por fiscales y apoyada por jueces y todo el arco pol\u00edtico opositor\u00bb, a\u00f1adi\u00f3 Fern\u00e1ndez.<\/p>\n<\/p>\n<p>El pasado 18 de febrero, una multitud march\u00f3 en Buenos Aires para reclamar en silencio y bajo un aguacero el esclarecimiento de la muerte del fiscal Alberto Nisman, que investigaba el atentado de 1994 contra la mutualista jud\u00eda AMIA que dej\u00f3 85 muertos y que cuatro d\u00edas antes de ser hallado muerto denunci\u00f3 a Fern\u00e1ndez por supuesto encubrimiento a los iran\u00edes acusados del ataque.<\/p>\n<\/p>\n<p>La mandataria argentina hab\u00eda guardado silencio y no se hab\u00eda pronunciado sobre la marcha, pese a que varios integrantes de su Gobierno condenaron la movilizaci\u00f3n por su supuesto sesgo opositor.<\/p>\n<h6> 2015-02-22 10:25:28 <\/h6>\n<p><!--\n<link rel=\"stylesheet\" href=\"css\/bootstrap.min.css\">\n\n\n<ul class=\"pagination\">\n\t    \n\t\n\n<li >\n\t<a href='?page_no=24849'>Previous<\/a>\n\t<\/li>\n\n\n       \n    \n\n<li><a href='?page_no=1'>1<\/a><\/li>\n\n\n\n<li><a href='?page_no=2'>2<\/a><\/li>\n\n\n\n<li><a>...<\/a><\/li>\n\n\n\n<li><a href='?page_no=24848'>24848<\/a><\/li>\n\n\n\n<li><a href='?page_no=24849'>24849<\/a><\/li>\n\n\n\n<li class='active'><a>24850<\/a><\/li>\n\n\n\n<li><a href='?page_no=24851'>24851<\/a><\/li>\n\n\n\n<li><a href='?page_no=24852'>24852<\/a><\/li>\n\n\n\n<li><a>...<\/a><\/li>\n\n\n\n<li><a href='?page_no=51012'>51012<\/a><\/li>\n\n\n\n<li><a href='?page_no=51013'>51013<\/a><\/li>\n\n    \n\t\n\n<li >\n\t<a href='?page_no=24851'>Next<\/a>\n\t<\/li>\n\n\n    \n\n<li><a href='?page_no=51013'>Last &rsaquo;&rsaquo;<\/a><\/li>\n\n<\/ul>\n\n\n--><br \/>\n<\/body><\/p>\n","protected":false},"excerpt":{"rendered":"<p>Buenos Aires, Argentina 22 febrero.- La presidenta argentina, Cristina Fern\u00e1ndez, sali\u00f3 hoy de su silencio para cuestionar a la multitudinaria marcha realizada el pasado mi\u00e9rcoles en homenaje al fallecido fiscal Alberto Nisman, a la que calific\u00f3 de \u00abbautismo de fuego\u00bb de un \u00abPartido Judicial\u00bb enfrentado al poder Ejecutivo. La mandataria public\u00f3 un mensaje en su [&hellip;]<\/p>\n","protected":false},"author":3,"featured_media":0,"comment_status":"open","ping_status":"open","sticky":false,"template":"","format":"standard","meta":{"footnotes":""},"categories":[23],"tags":[],"class_list":["post-255205","post","type-post","status-publish","format-standard","hentry","category-internacional"],"_links":{"self":[{"href":"https:\/\/diariodominicano.com\/index.php?rest_route=\/wp\/v2\/posts\/255205","targetHints":{"allow":["GET"]}}],"collection":[{"href":"https:\/\/diariodominicano.com\/index.php?rest_route=\/wp\/v2\/posts"}],"about":[{"href":"https:\/\/diariodominicano.com\/index.php?rest_route=\/wp\/v2\/types\/post"}],"author":[{"embeddable":true,"href":"https:\/\/diariodominicano.com\/index.php?rest_route=\/wp\/v2\/users\/3"}],"replies":[{"embeddable":true,"href":"https:\/\/diariodominicano.com\/index.php?rest_route=%2Fwp%2Fv2%2Fcomments&post=255205"}],"version-history":[{"count":0,"href":"https:\/\/diariodominicano.com\/index.php?rest_route=\/wp\/v2\/posts\/255205\/revisions"}],"wp:attachment":[{"href":"https:\/\/diariodominicano.com\/index.php?rest_route=%2Fwp%2Fv2%2Fmedia&parent=255205"}],"wp:term":[{"taxonomy":"category","embeddable":true,"href":"https:\/\/diariodominicano.com\/index.php?rest_route=%2Fwp%2Fv2%2Fcategories&post=255205"},{"taxonomy":"post_tag","embeddable":true,"href":"https:\/\/diariodominicano.com\/index.php?rest_route=%2Fwp%2Fv2%2Ftags&post=255205"}],"curies":[{"name":"wp","href":"https:\/\/api.w.org\/{rel}","templated":true}]}}