{"id":255204,"date":"2015-02-22T10:30:42","date_gmt":"2015-02-22T10:30:42","guid":{"rendered":"http:\/\/diariodominicano.ddns.net\/?p=255204"},"modified":"2015-02-22T10:30:42","modified_gmt":"2015-02-22T10:30:42","slug":"mueren-al-menos-25-yihadistas-del-ei-en-bombardeos-aereos-cerca-de-mosul","status":"publish","type":"post","link":"https:\/\/diariodominicano.com\/?p=255204","title":{"rendered":"Mueren al menos 25 yihadistas del EI en bombardeos a\u00e9reos cerca de Mosul"},"content":{"rendered":"<p><body><\/p>\n<p><img decoding=\"async\" src=\"img3\/muertos 2.jpg\" \/><br \/><img decoding=\"async\" src=\"img3\/fuego 1.jpg\" \/>  <\/p>\n<p>Mosul (Irak), 22 febrero .- Al menos 25 yihadistas del grupo Estado Isl\u00e1mico (EI) murieron en varios bombardeos a\u00e9reos de la coalici\u00f3n internacional contra varias zonas en los alrededores de la ciudad septentrional iraqu\u00ed de Mosul.<\/p>\n<\/p>\n<p>El dirigente de la Uni\u00f3n Patri\u00f3tica del Kurdist\u00e1n (UPK), Gueiaz al Surshi, dijo en declaraciones a Efe que los aviones de la coalici\u00f3n internacional liderada por EEUU bombardearon varias posiciones del EI al norte y al oeste de Mosul.<\/p>\n<\/p>\n<p>El primer ataque a\u00e9reo tuvo lugar en el pueblo de Sada Bauiza, al noreste de Mosul, y caus\u00f3 la muerte de nueve yihadistas.<\/p>\n<\/p>\n<p>En el segundo, al menos doce integrantes del EI perecieron en el centro de la localidad de Telkif, diez kil\u00f3metros al norte de dicha ciudad.<\/p>\n<\/p>\n<p>Adem\u00e1s, en Al Tank, al oeste de Mosul, fallecieron cuatro militantes del EI.<\/p>\n<\/p>\n<p>Ayer, al menos 18 integrantes del EI murieron en combates con las tropas kurdas (\u00abpeshmergas\u00bb) al este, oeste y noreste de Mosul.<\/p>\n<\/p>\n<p>\u00daltimamente, Estados Unidos y sus aliados han intensificado los ataques a\u00e9reos contra posiciones del EI en esa ciudad, para permitir el avance de tropas kurdas en preparaci\u00f3n de un asalto terrestre que podr\u00eda producirse en el mes de abril.<\/p>\n<\/p>\n<p>Las fuerzas kurdas intentan rodear Mosul, tomada el pasado junio por el EI, y cerrar l\u00edneas de aprovisionamiento de los extremistas, que se han hecho fuertes en la ciudad<\/p>\n<h6> 2015-02-22 10:30:42 <\/h6>\n<p><!--\n<link rel=\"stylesheet\" href=\"css\/bootstrap.min.css\">\n\n\n<ul class=\"pagination\">\n\t    \n\t\n\n<li >\n\t<a href='?page_no=24848'>Previous<\/a>\n\t<\/li>\n\n\n       \n    \n\n<li><a href='?page_no=1'>1<\/a><\/li>\n\n\n\n<li><a href='?page_no=2'>2<\/a><\/li>\n\n\n\n<li><a>...<\/a><\/li>\n\n\n\n<li><a href='?page_no=24847'>24847<\/a><\/li>\n\n\n\n<li><a href='?page_no=24848'>24848<\/a><\/li>\n\n\n\n<li class='active'><a>24849<\/a><\/li>\n\n\n\n<li><a href='?page_no=24850'>24850<\/a><\/li>\n\n\n\n<li><a href='?page_no=24851'>24851<\/a><\/li>\n\n\n\n<li><a>...<\/a><\/li>\n\n\n\n<li><a href='?page_no=51012'>51012<\/a><\/li>\n\n\n\n<li><a href='?page_no=51013'>51013<\/a><\/li>\n\n    \n\t\n\n<li >\n\t<a href='?page_no=24850'>Next<\/a>\n\t<\/li>\n\n\n    \n\n<li><a href='?page_no=51013'>Last &rsaquo;&rsaquo;<\/a><\/li>\n\n<\/ul>\n\n\n--><br \/>\n<\/body><\/p>\n","protected":false},"excerpt":{"rendered":"<p>Mosul (Irak), 22 febrero .- Al menos 25 yihadistas del grupo Estado Isl\u00e1mico (EI) murieron en varios bombardeos a\u00e9reos de la coalici\u00f3n internacional contra varias zonas en los alrededores de la ciudad septentrional iraqu\u00ed de Mosul. El dirigente de la Uni\u00f3n Patri\u00f3tica del Kurdist\u00e1n (UPK), Gueiaz al Surshi, dijo en declaraciones a Efe que los [&hellip;]<\/p>\n","protected":false},"author":3,"featured_media":0,"comment_status":"open","ping_status":"open","sticky":false,"template":"","format":"standard","meta":{"footnotes":""},"categories":[23],"tags":[],"class_list":["post-255204","post","type-post","status-publish","format-standard","hentry","category-internacional"],"_links":{"self":[{"href":"https:\/\/diariodominicano.com\/index.php?rest_route=\/wp\/v2\/posts\/255204","targetHints":{"allow":["GET"]}}],"collection":[{"href":"https:\/\/diariodominicano.com\/index.php?rest_route=\/wp\/v2\/posts"}],"about":[{"href":"https:\/\/diariodominicano.com\/index.php?rest_route=\/wp\/v2\/types\/post"}],"author":[{"embeddable":true,"href":"https:\/\/diariodominicano.com\/index.php?rest_route=\/wp\/v2\/users\/3"}],"replies":[{"embeddable":true,"href":"https:\/\/diariodominicano.com\/index.php?rest_route=%2Fwp%2Fv2%2Fcomments&post=255204"}],"version-history":[{"count":0,"href":"https:\/\/diariodominicano.com\/index.php?rest_route=\/wp\/v2\/posts\/255204\/revisions"}],"wp:attachment":[{"href":"https:\/\/diariodominicano.com\/index.php?rest_route=%2Fwp%2Fv2%2Fmedia&parent=255204"}],"wp:term":[{"taxonomy":"category","embeddable":true,"href":"https:\/\/diariodominicano.com\/index.php?rest_route=%2Fwp%2Fv2%2Fcategories&post=255204"},{"taxonomy":"post_tag","embeddable":true,"href":"https:\/\/diariodominicano.com\/index.php?rest_route=%2Fwp%2Fv2%2Ftags&post=255204"}],"curies":[{"name":"wp","href":"https:\/\/api.w.org\/{rel}","templated":true}]}}