{"id":255203,"date":"2015-02-22T10:42:46","date_gmt":"2015-02-22T10:42:46","guid":{"rendered":"http:\/\/diariodominicano.ddns.net\/?p=255203"},"modified":"2015-02-22T10:42:46","modified_gmt":"2015-02-22T10:42:46","slug":"efectuan-el-funeral-de-17-muertos-en-carnaval","status":"publish","type":"post","link":"https:\/\/diariodominicano.com\/?p=255203","title":{"rendered":"Efect\u00faan el funeral de 17 muertos en carnaval"},"content":{"rendered":"<p><body><\/p>\n<p><img decoding=\"async\" src=\"img3\/haiti 2.JPG\" \/>  <\/p>\n<p>Pr\u00edncipe, Hait\u00ed 22 febrero.-  Miles de personas se congregaron el s\u00e1bado en la plaza principal de Puerto Pr\u00edncipe para honrar a las 17 personas que fallecieron durante el carnaval de Hait\u00ed en un accidente en el que estuvo implicada una carroza.<\/p>\n<\/p>\n<p>Muchos dolientes llevaban camisetas con la siguiente leyenda en lengua creole: \u00abEn las buenas y en las malas, todos somos haitianos\u00bb.<\/p>\n<\/p>\n<p>F\u00e9retros blancos cubiertos con la bandera haitiana fueron colocados en hilera en la parte delantera de un escenario donde funcionarios del gobierno, incluido el presidente Michel Martelly y el primer ministro Evans Paul, saludaron a familiares y amigos de las v\u00edctimas.<\/p>\n<\/p>\n<p>Algunos dolientes fueron retirados de los ata\u00fades mientras lloraban o ca\u00edan desmayados en el parque Champ de Mars de la capital.<\/p>\n<\/p>\n<p>El accidente ocurri\u00f3 a primeras horas del martes cuando un cantante que iba en una de las 16 carrozas del carnaval toco un cable el\u00e9ctrico, lo que caus\u00f3 tal p\u00e1nico que se desat\u00f3 una estampida. Al menos 78 personas resultaron heridas.<\/p>\n<\/p>\n<p>\u00abTodos fuimos afectados por estas muertes\u00bb, dijo Herold Charles Civil, un sacerdote de 37 a\u00f1os que acudi\u00f3 al funeral organizado por el gobierno. \u00abVine aqu\u00ed para sumarnos a la pena de las familias y decirles que nosotros tambi\u00e9n sentimos el dolor por la p\u00e9rdida de sus seres queridos\u00bb.<\/p>\n<\/p>\n<p>Las autoridades no han dicho si alguno de los muertos falleci\u00f3 electrocutado. Cuatro personas siguen hospitalizadas.<\/p>\n<\/p>\n<p>El cantante haitiano Daniel Darinus, conocido con el nombre art\u00edstico de Fantom, fue atendido de quemaduras derivadas de la descarga el\u00e9ctrica. Dijo que un aceler\u00f3n inesperado caus\u00f3 el accidente.<\/p>\n<\/p>\n<p>Es pr\u00e1ctica com\u00fan en Hait\u00ed y en otras partes que una persona en una carroza de un desfile haga a un lado los cables el\u00e9ctricos que est\u00e9n a baja altura.<\/p>\n<\/p>\n<p>Entre los m\u00fasicos que asistieron al funeral estuvo Garc\u00eda Delva, quien se\u00f1al\u00f3 que la celebraci\u00f3n anual del carnaval deber\u00eda estar mejor organizada y tener un equipo especial dedicado a preparar la festividad todo el a\u00f1o.<\/p>\n<\/p>\n<p>\u00abHay que cambiar todo\u00bb, dijo. \u00abEs un carnaval. Es grande\u00bb.<\/p>\n<\/p>\n<p>Las autoridades cancelaron el tercer y \u00faltimo d\u00eda del carnaval tras la tragedia y declararon tres d\u00edas de luto en el pa\u00eds.<\/p>\n<\/p>\n<h6> 2015-02-22 10:42:46 <\/h6>\n<p><!--\n<link rel=\"stylesheet\" href=\"css\/bootstrap.min.css\">\n\n\n<ul class=\"pagination\">\n\t    \n\t\n\n<li >\n\t<a href='?page_no=24847'>Previous<\/a>\n\t<\/li>\n\n\n       \n    \n\n<li><a href='?page_no=1'>1<\/a><\/li>\n\n\n\n<li><a href='?page_no=2'>2<\/a><\/li>\n\n\n\n<li><a>...<\/a><\/li>\n\n\n\n<li><a href='?page_no=24846'>24846<\/a><\/li>\n\n\n\n<li><a href='?page_no=24847'>24847<\/a><\/li>\n\n\n\n<li class='active'><a>24848<\/a><\/li>\n\n\n\n<li><a href='?page_no=24849'>24849<\/a><\/li>\n\n\n\n<li><a href='?page_no=24850'>24850<\/a><\/li>\n\n\n\n<li><a>...<\/a><\/li>\n\n\n\n<li><a href='?page_no=51012'>51012<\/a><\/li>\n\n\n\n<li><a href='?page_no=51013'>51013<\/a><\/li>\n\n    \n\t\n\n<li >\n\t<a href='?page_no=24849'>Next<\/a>\n\t<\/li>\n\n\n    \n\n<li><a href='?page_no=51013'>Last &rsaquo;&rsaquo;<\/a><\/li>\n\n<\/ul>\n\n\n--><br \/>\n<\/body><\/p>\n","protected":false},"excerpt":{"rendered":"<p>Pr\u00edncipe, Hait\u00ed 22 febrero.- Miles de personas se congregaron el s\u00e1bado en la plaza principal de Puerto Pr\u00edncipe para honrar a las 17 personas que fallecieron durante el carnaval de Hait\u00ed en un accidente en el que estuvo implicada una carroza. Muchos dolientes llevaban camisetas con la siguiente leyenda en lengua creole: \u00abEn las buenas [&hellip;]<\/p>\n","protected":false},"author":3,"featured_media":0,"comment_status":"open","ping_status":"open","sticky":false,"template":"","format":"standard","meta":{"footnotes":""},"categories":[23],"tags":[],"class_list":["post-255203","post","type-post","status-publish","format-standard","hentry","category-internacional"],"_links":{"self":[{"href":"https:\/\/diariodominicano.com\/index.php?rest_route=\/wp\/v2\/posts\/255203","targetHints":{"allow":["GET"]}}],"collection":[{"href":"https:\/\/diariodominicano.com\/index.php?rest_route=\/wp\/v2\/posts"}],"about":[{"href":"https:\/\/diariodominicano.com\/index.php?rest_route=\/wp\/v2\/types\/post"}],"author":[{"embeddable":true,"href":"https:\/\/diariodominicano.com\/index.php?rest_route=\/wp\/v2\/users\/3"}],"replies":[{"embeddable":true,"href":"https:\/\/diariodominicano.com\/index.php?rest_route=%2Fwp%2Fv2%2Fcomments&post=255203"}],"version-history":[{"count":0,"href":"https:\/\/diariodominicano.com\/index.php?rest_route=\/wp\/v2\/posts\/255203\/revisions"}],"wp:attachment":[{"href":"https:\/\/diariodominicano.com\/index.php?rest_route=%2Fwp%2Fv2%2Fmedia&parent=255203"}],"wp:term":[{"taxonomy":"category","embeddable":true,"href":"https:\/\/diariodominicano.com\/index.php?rest_route=%2Fwp%2Fv2%2Fcategories&post=255203"},{"taxonomy":"post_tag","embeddable":true,"href":"https:\/\/diariodominicano.com\/index.php?rest_route=%2Fwp%2Fv2%2Ftags&post=255203"}],"curies":[{"name":"wp","href":"https:\/\/api.w.org\/{rel}","templated":true}]}}