{"id":255202,"date":"2015-02-23T09:42:29","date_gmt":"2015-02-23T09:42:29","guid":{"rendered":"http:\/\/diariodominicano.ddns.net\/?p=255202"},"modified":"2015-02-23T09:42:29","modified_gmt":"2015-02-23T09:42:29","slug":"estados-unidos-y-cuba-vuelven-a-la-mesa-de-dialogo-este-viernes-en-washington","status":"publish","type":"post","link":"https:\/\/diariodominicano.com\/?p=255202","title":{"rendered":"&#13;Estados Unidos y Cuba vuelven a la mesa de di\u00e1logo este viernes en Washington"},"content":{"rendered":"<p><body><\/p>\n<p><img decoding=\"async\" src=\"img3\/casa 2.jpg\" \/><br \/><img decoding=\"async\" src=\"img3\/bande 23.jpeg\" \/>  <\/p>\n<p>Washington DC 23 febrero.- La segunda ronda de conversaciones sobre el deshielo entre Estados Unidos y Cuba se celebrar\u00e1 esta semana con Washington como escenario y con la intenci\u00f3n de avanzar sobre el marco pol\u00edtico que permita la apertura de sendas embajadas en los dos pa\u00edses.<\/p>\n<\/p>\n<p>Este viernes, 27 de febrero, las dos delegaciones diplom\u00e1ticas volver\u00e1n a la mesa de di\u00e1logo en las instalaciones del Departamento de Estado en la capital estadounidense, despu\u00e9s de una primera toma de contacto celebrada en La Habana el 21 y 22 de enero pasados.<\/p>\n<\/p>\n<p>Durante el mes que ha transcurrido mientras tanto, diversos grupos de congresistas estadounidenses han viajado a la isla para conocer la situaci\u00f3n del pa\u00eds de primera mano y conversar con las autoridades cubanas y representantes civiles, mientras que el Congreso de Estados Unidos ya ha celebrado varias audiencias sobre el asunto.<\/p>\n<\/p>\n<p>La subsecretaria de Estado estadounidense para Latinoam\u00e9rica, Roberta Jacobson, y la directora para Estados Unidos del Ministerio de Relaciones Exteriores de Cuba, Josefina Vidal, lideraron entonces las conversaciones, que comenzaron tratando asuntos migratorios y las primeras propuestas para la apertura de sus legaciones diplom\u00e1ticas.<\/p>\n<\/p>\n<p>La Administraci\u00f3n estadounidense elimin\u00f3 ya algunos obst\u00e1culos a los viajes a la isla y la pasada semana anunci\u00f3 que autorizar\u00e1 las importaciones de algunos bienes y servicios del sector privado de Cuba, aunque con importantes excepciones.<\/p>\n<\/p>\n<p>Mientras tanto, ya se han presentado dos proyectos de ley en el Congreso que regulan el aperturismo, uno que contempla el permiso para viajar a Cuba para los estadounidenses, y otro m\u00e1s amplio cuya intenci\u00f3n es acabar con el embargo comercial, aunque ninguno de los dos se ha sometido a\u00fan a consideraci\u00f3n.<\/p>\n<\/p>\n<p>La l\u00edder de la minor\u00eda dem\u00f3crata de la C\u00e1mara baja estadounidense, Nancy Pelosi, encabez\u00f3 la semana pasada una visita a la isla con varios de sus compa\u00f1eros de bancada en la que asegur\u00f3 que en el Congreso de Estados Unidos hay \u00abun gran entusiasmo\u00bb a causa del acercamiento, y se mostr\u00f3 optimista a la hora de que \u00e9ste apruebe el fin del bloqueo.<\/p>\n<\/p>\n<p>El Gobierno cubano de Ra\u00fal Castro busca que Washington levante el embargo a la isla, vigente desde hace m\u00e1s de cinco d\u00e9cadas, pero pese a las flexibilizaciones unilaterales de manos del presidente estadounidense, Barack Obama, ya llevadas a cabo, el fin del bloqueo a Cuba depende en \u00faltima instancia del Legislativo.<\/p>\n<\/p>\n<p>La Habana insiste en la necesidad de que Estados Unidos saque a Cuba de su lista de pa\u00edses patrocinadores del terrorismo como uno de los requisitos fundamentales para poder continuar con el acercamiento y la normalizaci\u00f3n de las relaciones, algo que ya est\u00e1 estudiando el Departamento de Estado.<\/p>\n<\/p>\n<p>Para Estados Unidos, uno de los temas m\u00e1s espinosos es el de los derechos humanos y las libertades en la isla, un asunto en el que el Gobierno cubano ha cedido con la liberaci\u00f3n de m\u00e1s de medio centenar de presos pol\u00edticos y la del excontratista estadounidense Alan Gross, quien estuvo encarcelado en Cuba durante m\u00e1s de cinco a\u00f1os.<\/p>\n<\/p>\n<p>Pese a los avances que han tenido lugar desde que Obama y Castro anunciaran el deshielo el pasado diciembre, una parte de la disidencia cubana se opone de manera frontal a que Washington tienda la mano al Gobierno cubano, alegando que un aperturismo comercial s\u00f3lo derivar\u00e1 en un fortalecimiento de las arcas del r\u00e9gimen para continuar con la represi\u00f3n.<\/p>\n<\/p>\n<p>Varios reconocidos activistas cubanos como la l\u00edder de las Damas de Blanco, Berta Soler, acudieron a dar su testimonio ante los legisladores estadounidenses, a quienes explicaron que el Gobierno de Ra\u00fal Castro no ha cejado en efectuar detenciones arbitrarias y violaciones de derechos humanos.<\/p>\n<\/p>\n<p>En esta l\u00ednea se sit\u00faan varios senadores y representantes de Estados Unidos, especialmente los de origen cubano como Marco Rubio, Robert Men\u00e9ndez e Ileana Ros-Lehtinen, quienes esgrimen que el Gobierno de Obama no debe hacer concesiones a La Habana mientras se sigan cometiendo este tipo de violaciones.<\/p>\n<\/p>\n<p>No obstante, existe tambi\u00e9n un nutrido grupo de empresarios vinculados al exilio cubano en Estados Unidos y otra parte de la disidencia que han dado un giro a su postura hacia La Habana y ahora apoyan el aperturismo con la isla, ejerciendo una nueva fuerza de presi\u00f3n a favor de las normalizaci\u00f3n de las relaciones.<\/p>\n<\/p>\n<p>Pese a la euforia de las primeras semanas, muchos analistas coinciden en que las relaciones bilaterales avanzar\u00e1n con movimientos mucho m\u00e1s lentos de lo esperado en un principio, aunque los dos pa\u00edses mantuvieron ya conversaciones secretas durante cerca de a\u00f1o y medio para dar este paso.<\/p>\n<\/p>\n<h6> 2015-02-23 09:42:29 <\/h6>\n<p><!--\n<link rel=\"stylesheet\" href=\"css\/bootstrap.min.css\">\n\n\n<ul class=\"pagination\">\n\t    \n\t\n\n<li >\n\t<a href='?page_no=24846'>Previous<\/a>\n\t<\/li>\n\n\n       \n    \n\n<li><a href='?page_no=1'>1<\/a><\/li>\n\n\n\n<li><a href='?page_no=2'>2<\/a><\/li>\n\n\n\n<li><a>...<\/a><\/li>\n\n\n\n<li><a href='?page_no=24845'>24845<\/a><\/li>\n\n\n\n<li><a href='?page_no=24846'>24846<\/a><\/li>\n\n\n\n<li class='active'><a>24847<\/a><\/li>\n\n\n\n<li><a href='?page_no=24848'>24848<\/a><\/li>\n\n\n\n<li><a href='?page_no=24849'>24849<\/a><\/li>\n\n\n\n<li><a>...<\/a><\/li>\n\n\n\n<li><a href='?page_no=51012'>51012<\/a><\/li>\n\n\n\n<li><a href='?page_no=51013'>51013<\/a><\/li>\n\n    \n\t\n\n<li >\n\t<a href='?page_no=24848'>Next<\/a>\n\t<\/li>\n\n\n    \n\n<li><a href='?page_no=51013'>Last &rsaquo;&rsaquo;<\/a><\/li>\n\n<\/ul>\n\n\n--><br \/>\n<\/body><\/p>\n","protected":false},"excerpt":{"rendered":"<p>Washington DC 23 febrero.- La segunda ronda de conversaciones sobre el deshielo entre Estados Unidos y Cuba se celebrar\u00e1 esta semana con Washington como escenario y con la intenci\u00f3n de avanzar sobre el marco pol\u00edtico que permita la apertura de sendas embajadas en los dos pa\u00edses. Este viernes, 27 de febrero, las dos delegaciones diplom\u00e1ticas [&hellip;]<\/p>\n","protected":false},"author":3,"featured_media":0,"comment_status":"open","ping_status":"open","sticky":false,"template":"","format":"standard","meta":{"footnotes":""},"categories":[23],"tags":[],"class_list":["post-255202","post","type-post","status-publish","format-standard","hentry","category-internacional"],"_links":{"self":[{"href":"https:\/\/diariodominicano.com\/index.php?rest_route=\/wp\/v2\/posts\/255202","targetHints":{"allow":["GET"]}}],"collection":[{"href":"https:\/\/diariodominicano.com\/index.php?rest_route=\/wp\/v2\/posts"}],"about":[{"href":"https:\/\/diariodominicano.com\/index.php?rest_route=\/wp\/v2\/types\/post"}],"author":[{"embeddable":true,"href":"https:\/\/diariodominicano.com\/index.php?rest_route=\/wp\/v2\/users\/3"}],"replies":[{"embeddable":true,"href":"https:\/\/diariodominicano.com\/index.php?rest_route=%2Fwp%2Fv2%2Fcomments&post=255202"}],"version-history":[{"count":0,"href":"https:\/\/diariodominicano.com\/index.php?rest_route=\/wp\/v2\/posts\/255202\/revisions"}],"wp:attachment":[{"href":"https:\/\/diariodominicano.com\/index.php?rest_route=%2Fwp%2Fv2%2Fmedia&parent=255202"}],"wp:term":[{"taxonomy":"category","embeddable":true,"href":"https:\/\/diariodominicano.com\/index.php?rest_route=%2Fwp%2Fv2%2Fcategories&post=255202"},{"taxonomy":"post_tag","embeddable":true,"href":"https:\/\/diariodominicano.com\/index.php?rest_route=%2Fwp%2Fv2%2Ftags&post=255202"}],"curies":[{"name":"wp","href":"https:\/\/api.w.org\/{rel}","templated":true}]}}