{"id":255200,"date":"2015-02-23T13:36:46","date_gmt":"2015-02-23T13:36:46","guid":{"rendered":"http:\/\/diariodominicano.ddns.net\/?p=255200"},"modified":"2015-02-23T13:36:46","modified_gmt":"2015-02-23T13:36:46","slug":"al-menos-1-465-miembros-del-ei-muertos-por-bombardeos-de-coalicion-en-siria","status":"publish","type":"post","link":"https:\/\/diariodominicano.com\/?p=255200","title":{"rendered":"Al menos 1.465 miembros del EI muertos por bombardeos de coalici\u00f3n en Siria"},"content":{"rendered":"<p><body><\/p>\n<p><img decoding=\"async\" src=\"img3\/fuego 23.jpg\" \/>  <\/p>\n<p>Beirut, 23 febrero &#8211; Al menos 1.465 miembros del grupo yihadista Estado Isl\u00e1mico (EI) han muerto en los \u00faltimos cinco meses, desde el inicio de los bombardeos en Siria de la coalici\u00f3n internacional liderada por EEUU, seg\u00fan los datos publicados hoy por el Observatorio Sirio de Derechos Humanos.<\/p>\n<\/p>\n<p>La mayor\u00eda de los fallecidos son combatientes extranjeros que perdieron la vida por los ataques a\u00e9reos y lanzamiento de proyectiles de la alianza en las provincias de Al Raqa, Al Hasaka y Deir al Zur, en el noreste sirio; Homs y Hama, en el centro; y Alepo, en el norte.<\/p>\n<\/p>\n<p>Las operaciones de la coalici\u00f3n tambi\u00e9n mataron a 62 civiles sirios, entre los que hay ocho menores de edad y cinco mujeres, as\u00ed como la de un combatiente de un grupo rebelde retenido por el EI en una de sus bases en las afueras de Al Raqa, que fue atacada.<\/p>\n<\/p>\n<p>A esas v\u00edctimas se suman 73 militantes del Frente al Nusra, la filial siria de Al Qaeda, que perecieron por los bombardeos en el oeste de Alepo y el norte de Idleb.<\/p>\n<\/p>\n<p>La ONG no descart\u00f3 que el n\u00famero total de fallecidos por los ataques de la coalici\u00f3n (1.601) sea superior debido al secretismo que el EI mantiene sobre sus bajas y a la dificultad de acceder a determinadas zonas de Siria.<\/p>\n<\/p>\n<p>Los extremistas proclamaron a finales de junio un califato en Irak y Siria, donde han tomado partes del norte y el centro de ambos estados.<\/p>\n<\/p>\n<p>El 23 de septiembre, la coalici\u00f3n inici\u00f3 sus operaciones en el territorio sirio, despu\u00e9s de que lo hiciera en agosto en el iraqu\u00ed.<\/p>\n<h6> 2015-02-23 13:36:46 <\/h6>\n<p><!--\n<link rel=\"stylesheet\" href=\"css\/bootstrap.min.css\">\n\n\n<ul class=\"pagination\">\n\t    \n\t\n\n<li >\n\t<a href='?page_no=24844'>Previous<\/a>\n\t<\/li>\n\n\n       \n    \n\n<li><a href='?page_no=1'>1<\/a><\/li>\n\n\n\n<li><a href='?page_no=2'>2<\/a><\/li>\n\n\n\n<li><a>...<\/a><\/li>\n\n\n\n<li><a href='?page_no=24843'>24843<\/a><\/li>\n\n\n\n<li><a href='?page_no=24844'>24844<\/a><\/li>\n\n\n\n<li class='active'><a>24845<\/a><\/li>\n\n\n\n<li><a href='?page_no=24846'>24846<\/a><\/li>\n\n\n\n<li><a href='?page_no=24847'>24847<\/a><\/li>\n\n\n\n<li><a>...<\/a><\/li>\n\n\n\n<li><a href='?page_no=51012'>51012<\/a><\/li>\n\n\n\n<li><a href='?page_no=51013'>51013<\/a><\/li>\n\n    \n\t\n\n<li >\n\t<a href='?page_no=24846'>Next<\/a>\n\t<\/li>\n\n\n    \n\n<li><a href='?page_no=51013'>Last &rsaquo;&rsaquo;<\/a><\/li>\n\n<\/ul>\n\n\n--><br \/>\n<\/body><\/p>\n","protected":false},"excerpt":{"rendered":"<p>Beirut, 23 febrero &#8211; Al menos 1.465 miembros del grupo yihadista Estado Isl\u00e1mico (EI) han muerto en los \u00faltimos cinco meses, desde el inicio de los bombardeos en Siria de la coalici\u00f3n internacional liderada por EEUU, seg\u00fan los datos publicados hoy por el Observatorio Sirio de Derechos Humanos. La mayor\u00eda de los fallecidos son combatientes [&hellip;]<\/p>\n","protected":false},"author":3,"featured_media":0,"comment_status":"open","ping_status":"open","sticky":false,"template":"","format":"standard","meta":{"footnotes":""},"categories":[23],"tags":[],"class_list":["post-255200","post","type-post","status-publish","format-standard","hentry","category-internacional"],"_links":{"self":[{"href":"https:\/\/diariodominicano.com\/index.php?rest_route=\/wp\/v2\/posts\/255200","targetHints":{"allow":["GET"]}}],"collection":[{"href":"https:\/\/diariodominicano.com\/index.php?rest_route=\/wp\/v2\/posts"}],"about":[{"href":"https:\/\/diariodominicano.com\/index.php?rest_route=\/wp\/v2\/types\/post"}],"author":[{"embeddable":true,"href":"https:\/\/diariodominicano.com\/index.php?rest_route=\/wp\/v2\/users\/3"}],"replies":[{"embeddable":true,"href":"https:\/\/diariodominicano.com\/index.php?rest_route=%2Fwp%2Fv2%2Fcomments&post=255200"}],"version-history":[{"count":0,"href":"https:\/\/diariodominicano.com\/index.php?rest_route=\/wp\/v2\/posts\/255200\/revisions"}],"wp:attachment":[{"href":"https:\/\/diariodominicano.com\/index.php?rest_route=%2Fwp%2Fv2%2Fmedia&parent=255200"}],"wp:term":[{"taxonomy":"category","embeddable":true,"href":"https:\/\/diariodominicano.com\/index.php?rest_route=%2Fwp%2Fv2%2Fcategories&post=255200"},{"taxonomy":"post_tag","embeddable":true,"href":"https:\/\/diariodominicano.com\/index.php?rest_route=%2Fwp%2Fv2%2Ftags&post=255200"}],"curies":[{"name":"wp","href":"https:\/\/api.w.org\/{rel}","templated":true}]}}