{"id":255198,"date":"2015-02-23T13:51:59","date_gmt":"2015-02-23T13:51:59","guid":{"rendered":"http:\/\/diariodominicano.ddns.net\/?p=255198"},"modified":"2015-02-23T13:51:59","modified_gmt":"2015-02-23T13:51:59","slug":"juan-manuel-santos-considera-esencial-apoyo-internacional-a-proceso-de-paz","status":"publish","type":"post","link":"https:\/\/diariodominicano.com\/?p=255198","title":{"rendered":"Juan Manuel Santos considera esencial apoyo internacional a proceso de paz"},"content":{"rendered":"<p><body><\/p>\n<p><img decoding=\"async\" src=\"img3\/santos 23.jpg\" \/>  <\/p>\n<p>Bogota, Colombia 23 febrero.- Juan Manuel SantosBogot\u00e1, 23 feb (PL) El presidente colombiano Juan Manuel Santos consider\u00f3 hoy como trascendental el apoyo de la comunidad internacional al proceso de paz, encaminado a poner fin al conflicto armado. <\/p>\n<\/p>\n<p>Al referirse a las muestras de respaldo a las negociaciones, el mandatario destac\u00f3 la reciente designaci\u00f3n de un enviado especial del gobierno de Estados Unidos para acompa\u00f1ar los esfuerzos pacificadores.<\/p>\n<\/p>\n<p>Esa decisi\u00f3n demuestra que Washington est\u00e1 realmente interesado en la soluci\u00f3n de este problema, subray\u00f3 el jefe de Estado durante una comparecencia televisiva.<\/p>\n<\/p>\n<p>El presidente Barack Obama nombr\u00f3 el pasado viernes a Bernard Aronson como enviado de la Casa Blanca para colaborar con el pa\u00eds andino en la b\u00fasqueda de una salida negociada a la guerra, la cual dura m\u00e1s de medio siglo.<\/p>\n<\/p>\n<p>Representantes gubernamentales y de las insurgentes Fuerzas Armadas Revolucionarias de Colombia-Ej\u00e9rcito del Pueblo (FARC-EP) dialogan en Cuba desde 2012 con el objetivo de poner fin a la confrontaci\u00f3n interna, que perjudic\u00f3 de forma directa a 6,8 millones de ciudadanos.<\/p>\n<\/p>\n<p>Santos resalt\u00f3 igualmente la importancia de la visita a Bogot\u00e1 del ministro de asuntos exteriores de Alemania Frank-Walter Steinmeier.<\/p>\n<\/p>\n<p>Su presencia aqu\u00ed ratific\u00f3 la voluntad de Berl\u00edn de secundar las negociaciones y contribuir con lo que sea preciso, a\u00f1adi\u00f3 el jefe de Estado.<\/p>\n<\/p>\n<p>Tales manifestaciones de colaboraci\u00f3n evidencian la legitimidad del proceso en momentos cuando las pl\u00e1ticas atraviesan por su etapa m\u00e1s compleja, dijo.<\/p>\n<\/p>\n<p>Ambas partes beligerantes reanudar\u00e1n los ciclos de encuentros en La Habana el venidero 25 de febrero para continuar las discusiones de temas cruciales como la reparaci\u00f3n a las v\u00edctimas de la conflagraci\u00f3n y el t\u00e9rmino del per\u00edodo b\u00e9lico, que incluye los puntos de dejaci\u00f3n de las armas, desmovilizaci\u00f3n y reintegraci\u00f3n a la sociedad de los guerrilleros.<\/p>\n<\/p>\n<p>En el transcurso de las conversaciones equipos del Ejecutivo y las FARC-EP deber\u00e1n analizar la opci\u00f3n del cese el fuego bilateral.<\/p>\n<\/p>\n<p>Paralelamente la administraci\u00f3n de Santos proyecta iniciar di\u00e1logos formales con el Ej\u00e9rcito de Liberaci\u00f3n Nacional, otro de los grupos insurgentes activos en el pa\u00eds.<\/p>\n<\/p>\n<p>La guerra provoc\u00f3 la muerte de al menos 230 mil colombianos, mientras m\u00e1s de cuatro millones resultaron desplazados de sus lugares de origen, seg\u00fan cifras oficiales.<\/p>\n<\/p>\n<h6> 2015-02-23 13:51:59 <\/h6>\n<p><!--\n<link rel=\"stylesheet\" href=\"css\/bootstrap.min.css\">\n\n\n<ul class=\"pagination\">\n\t    \n\t\n\n<li >\n\t<a href='?page_no=24842'>Previous<\/a>\n\t<\/li>\n\n\n       \n    \n\n<li><a href='?page_no=1'>1<\/a><\/li>\n\n\n\n<li><a href='?page_no=2'>2<\/a><\/li>\n\n\n\n<li><a>...<\/a><\/li>\n\n\n\n<li><a href='?page_no=24841'>24841<\/a><\/li>\n\n\n\n<li><a href='?page_no=24842'>24842<\/a><\/li>\n\n\n\n<li class='active'><a>24843<\/a><\/li>\n\n\n\n<li><a href='?page_no=24844'>24844<\/a><\/li>\n\n\n\n<li><a href='?page_no=24845'>24845<\/a><\/li>\n\n\n\n<li><a>...<\/a><\/li>\n\n\n\n<li><a href='?page_no=51012'>51012<\/a><\/li>\n\n\n\n<li><a href='?page_no=51013'>51013<\/a><\/li>\n\n    \n\t\n\n<li >\n\t<a href='?page_no=24844'>Next<\/a>\n\t<\/li>\n\n\n    \n\n<li><a href='?page_no=51013'>Last &rsaquo;&rsaquo;<\/a><\/li>\n\n<\/ul>\n\n\n--><br \/>\n<\/body><\/p>\n","protected":false},"excerpt":{"rendered":"<p>Bogota, Colombia 23 febrero.- Juan Manuel SantosBogot\u00e1, 23 feb (PL) El presidente colombiano Juan Manuel Santos consider\u00f3 hoy como trascendental el apoyo de la comunidad internacional al proceso de paz, encaminado a poner fin al conflicto armado. Al referirse a las muestras de respaldo a las negociaciones, el mandatario destac\u00f3 la reciente designaci\u00f3n de un [&hellip;]<\/p>\n","protected":false},"author":3,"featured_media":0,"comment_status":"open","ping_status":"open","sticky":false,"template":"","format":"standard","meta":{"footnotes":""},"categories":[23],"tags":[],"class_list":["post-255198","post","type-post","status-publish","format-standard","hentry","category-internacional"],"_links":{"self":[{"href":"https:\/\/diariodominicano.com\/index.php?rest_route=\/wp\/v2\/posts\/255198","targetHints":{"allow":["GET"]}}],"collection":[{"href":"https:\/\/diariodominicano.com\/index.php?rest_route=\/wp\/v2\/posts"}],"about":[{"href":"https:\/\/diariodominicano.com\/index.php?rest_route=\/wp\/v2\/types\/post"}],"author":[{"embeddable":true,"href":"https:\/\/diariodominicano.com\/index.php?rest_route=\/wp\/v2\/users\/3"}],"replies":[{"embeddable":true,"href":"https:\/\/diariodominicano.com\/index.php?rest_route=%2Fwp%2Fv2%2Fcomments&post=255198"}],"version-history":[{"count":0,"href":"https:\/\/diariodominicano.com\/index.php?rest_route=\/wp\/v2\/posts\/255198\/revisions"}],"wp:attachment":[{"href":"https:\/\/diariodominicano.com\/index.php?rest_route=%2Fwp%2Fv2%2Fmedia&parent=255198"}],"wp:term":[{"taxonomy":"category","embeddable":true,"href":"https:\/\/diariodominicano.com\/index.php?rest_route=%2Fwp%2Fv2%2Fcategories&post=255198"},{"taxonomy":"post_tag","embeddable":true,"href":"https:\/\/diariodominicano.com\/index.php?rest_route=%2Fwp%2Fv2%2Ftags&post=255198"}],"curies":[{"name":"wp","href":"https:\/\/api.w.org\/{rel}","templated":true}]}}