{"id":255197,"date":"2015-02-23T14:07:13","date_gmt":"2015-02-23T14:07:13","guid":{"rendered":"http:\/\/diariodominicano.ddns.net\/?p=255197"},"modified":"2015-02-23T14:07:13","modified_gmt":"2015-02-23T14:07:13","slug":"papa-francisco-acepta-invitacion-para-visitar-ucrania","status":"publish","type":"post","link":"https:\/\/diariodominicano.com\/?p=255197","title":{"rendered":"Papa Francisco acepta invitaci\u00f3n para visitar Ucrania"},"content":{"rendered":"<p><body><\/p>\n<p>Roma, Italia 23 febrero (PL) El papa Francisco acept\u00f3 una invitaci\u00f3n para visitar Ucrania, aunque hasta ahora no se dio a conocer ninguna fecha, seg\u00fan refiri\u00f3 hoy la web oficial de Radio Vaticano.<\/p>\n<\/p>\n<p>El citado medio rese\u00f1\u00f3 unas declaraciones de Yuri Tandit, negociador ucraniano para la liberaci\u00f3n de rehenes y prisioneros de guerra, quien asegur\u00f3 que la invitaci\u00f3n fue aceptada con total benepl\u00e1cito por el Sumo Pont\u00edfice durante un encuentro en la Santa Sede.<\/p>\n<\/p>\n<p>Tandit asegur\u00f3, adem\u00e1s, que fue el presidente ucraniano, Petr\u00f3 Poroshenko, quien convid\u00f3 al Santo Padre a visitar su pa\u00eds.<\/p>\n<\/p>\n<p>Recientemente, y por vez primera desde el estallido de los enfrentamientos en el este de Ucrania, ambos bandos declararon el inicio del alto el fuego en las regiones donde las fuerzas de Kiev llevan a cabo desde mediados de abril de 2014 una operaci\u00f3n de castigo a gran escala contra las regiones rebeldes de Donetsk y Lugansk.<\/p>\n<\/p>\n<p>Por eso quiero felicitar a todos los ucranianos, pues lo m\u00e1s probable es que Francisco, quien reza por la paz en nuestra naci\u00f3n, est\u00e9 con nosotros, puntualiz\u00f3 Tandit.<\/p>\n<\/p>\n<p>Comentarios difundidos en medios de comunicaci\u00f3n plantean que la visita del Papa a Ucrania tambi\u00e9n est\u00e1 relacionada con la tensi\u00f3n existente en la actualidad entre la Iglesia ortodoxa rusa y la Iglesia Greco-Cat\u00f3lica ucraniana y el papel mediador del jefe de Estado del Vaticano en ese sentido.<\/p>\n<\/p>\n<p>En unas declaraciones hace algunas semanas, el Patriarca de Mosc\u00fa y de todas la Rusias, Kirill, agradeci\u00f3 a Francisco su \u00abacercamiento equilibrado en relaci\u00f3n con la crisis de Ucrania\u00bb.<\/p>\n<\/p>\n<p>El religioso denunci\u00f3 que, desde las primeras protestas en Kiev, a fines de 2013, la Iglesia greco-cat\u00f3lica presion\u00f3 la ca\u00edda de las autoridades al utilizar consignas nacionalistas y, a menudo, rusof\u00f3bicas.<\/p>\n<\/p>\n<p>Adem\u00e1s, indic\u00f3 que la c\u00fapula religiosa hizo declaraciones extremadamente politizadas, las cuales no ayudaron a poner fin al conflicto civil.<\/p>\n<\/p>\n<p>En caso de que se consume el viaje apost\u00f3lico a Ucrania, el obispo de Roma ser\u00e1 el segundo pont\u00edfice en hacerlo, pues Juan Pablo II visit\u00f3 en 2001 Kiev y Lvov, en el oeste del pa\u00eds, lim\u00edtrofe con Polonia, donde se concentra la mayor\u00eda de cat\u00f3licos.<\/p>\n<\/p>\n<p>Seg\u00fan refiere Radio Vaticano, Juan Pablo fue el gran impulsor del resurgimiento de la Iglesia Greco-Cat\u00f3lica de rito oriental o Uniata.<\/p>\n<\/p>\n<p>El acercamiento entre la Iglesia cat\u00f3lica y la ortodoxa, despu\u00e9s de siglos de mutuo distanciamiento, fue promovido durante el papado de Juan XXIII (1958-1963), quien fungi\u00f3 cerca de 20 a\u00f1os como Delgado Apost\u00f3lico en Bulgaria, Turqu\u00eda y Grecia.<\/p>\n<\/p>\n<p>Reportes de la prensa indican que las actuales relaciones entre la Santa Sede y la Ortodoxia alcanzan una din\u00e1mica positiva, sobre todo, en opini\u00f3n de Kirill, gracias a la comprensi\u00f3n, tanto en fieles ortodoxos como cat\u00f3licos, de la necesidad de proteger valores cristianos, entre ellos, la crisis de la familia y el debilitamiento de los principios morales en la vida privada y en la social.<\/p>\n<h6> 2015-02-23 14:07:13 <\/h6>\n<p><!--\n<link rel=\"stylesheet\" href=\"css\/bootstrap.min.css\">\n\n\n<ul class=\"pagination\">\n\t    \n\t\n\n<li >\n\t<a href='?page_no=24841'>Previous<\/a>\n\t<\/li>\n\n\n       \n    \n\n<li><a href='?page_no=1'>1<\/a><\/li>\n\n\n\n<li><a href='?page_no=2'>2<\/a><\/li>\n\n\n\n<li><a>...<\/a><\/li>\n\n\n\n<li><a href='?page_no=24840'>24840<\/a><\/li>\n\n\n\n<li><a href='?page_no=24841'>24841<\/a><\/li>\n\n\n\n<li class='active'><a>24842<\/a><\/li>\n\n\n\n<li><a href='?page_no=24843'>24843<\/a><\/li>\n\n\n\n<li><a href='?page_no=24844'>24844<\/a><\/li>\n\n\n\n<li><a>...<\/a><\/li>\n\n\n\n<li><a href='?page_no=51012'>51012<\/a><\/li>\n\n\n\n<li><a href='?page_no=51013'>51013<\/a><\/li>\n\n    \n\t\n\n<li >\n\t<a href='?page_no=24843'>Next<\/a>\n\t<\/li>\n\n\n    \n\n<li><a href='?page_no=51013'>Last &rsaquo;&rsaquo;<\/a><\/li>\n\n<\/ul>\n\n\n--><br \/>\n<\/body><\/p>\n","protected":false},"excerpt":{"rendered":"<p>Roma, Italia 23 febrero (PL) El papa Francisco acept\u00f3 una invitaci\u00f3n para visitar Ucrania, aunque hasta ahora no se dio a conocer ninguna fecha, seg\u00fan refiri\u00f3 hoy la web oficial de Radio Vaticano. El citado medio rese\u00f1\u00f3 unas declaraciones de Yuri Tandit, negociador ucraniano para la liberaci\u00f3n de rehenes y prisioneros de guerra, quien asegur\u00f3 [&hellip;]<\/p>\n","protected":false},"author":3,"featured_media":0,"comment_status":"open","ping_status":"open","sticky":false,"template":"","format":"standard","meta":{"footnotes":""},"categories":[23],"tags":[],"class_list":["post-255197","post","type-post","status-publish","format-standard","hentry","category-internacional"],"_links":{"self":[{"href":"https:\/\/diariodominicano.com\/index.php?rest_route=\/wp\/v2\/posts\/255197","targetHints":{"allow":["GET"]}}],"collection":[{"href":"https:\/\/diariodominicano.com\/index.php?rest_route=\/wp\/v2\/posts"}],"about":[{"href":"https:\/\/diariodominicano.com\/index.php?rest_route=\/wp\/v2\/types\/post"}],"author":[{"embeddable":true,"href":"https:\/\/diariodominicano.com\/index.php?rest_route=\/wp\/v2\/users\/3"}],"replies":[{"embeddable":true,"href":"https:\/\/diariodominicano.com\/index.php?rest_route=%2Fwp%2Fv2%2Fcomments&post=255197"}],"version-history":[{"count":0,"href":"https:\/\/diariodominicano.com\/index.php?rest_route=\/wp\/v2\/posts\/255197\/revisions"}],"wp:attachment":[{"href":"https:\/\/diariodominicano.com\/index.php?rest_route=%2Fwp%2Fv2%2Fmedia&parent=255197"}],"wp:term":[{"taxonomy":"category","embeddable":true,"href":"https:\/\/diariodominicano.com\/index.php?rest_route=%2Fwp%2Fv2%2Fcategories&post=255197"},{"taxonomy":"post_tag","embeddable":true,"href":"https:\/\/diariodominicano.com\/index.php?rest_route=%2Fwp%2Fv2%2Ftags&post=255197"}],"curies":[{"name":"wp","href":"https:\/\/api.w.org\/{rel}","templated":true}]}}