{"id":255196,"date":"2015-02-23T14:11:31","date_gmt":"2015-02-23T14:11:31","guid":{"rendered":"http:\/\/diariodominicano.ddns.net\/?p=255196"},"modified":"2015-02-23T14:11:31","modified_gmt":"2015-02-23T14:11:31","slug":"debaten-en-onu-sobre-mantenimiento-de-la-paz-mundial","status":"publish","type":"post","link":"https:\/\/diariodominicano.com\/?p=255196","title":{"rendered":"Debaten en ONU sobre mantenimiento de la paz mundial"},"content":{"rendered":"<p><body><\/p>\n<p><img decoding=\"async\" src=\"img3\/onu 23.jpg\" \/>  <\/p>\n<p>Naciones Unidas, 23 febrero (PL) El Consejo de Seguridad de Naciones Unidas realiza hoy un debate abierto sobre el mantenimiento de la paz internacional, foro que busca promover el respeto a los principios y prop\u00f3sitos de la Carta de la Organizaci\u00f3n. <\/p>\n<\/p>\n<p>Seg\u00fan adelant\u00f3 el embajador de China aqu\u00ed, Liu Jieyi, quien preside este mes el \u00f3rgano de 15 miembros, el evento se celebra en el contexto del 70 aniversario de la ONU y de la derrota del fascismo.<\/p>\n<\/p>\n<p>Por tanto, ya es hora de impulsar en el planeta el multilateralismo y nuevas relaciones internacionales basadas en la paz, la cooperaci\u00f3n y la buena voluntad, afirm\u00f3 a periodistas a principios de febrero, cuando anunci\u00f3 el programa de trabajo del Consejo.<\/p>\n<\/p>\n<p>Liu adelant\u00f3 entonces que el debate estar\u00e1 encabezado por el canciller Wang Yi.<\/p>\n<\/p>\n<p>Como ocurre siempre en los foros abiertos, se espera la intervenci\u00f3n de decenas de naciones, en un escenario marcado por conflictos y crisis pol\u00edticas que desestabilizan pa\u00edses y ponen en riesgo la seguridad regional y global.<\/p>\n<\/p>\n<p>En la nota que refleja los objetivos de la sesi\u00f3n, Beijing convoc\u00f3 a todos los pa\u00edses a reafirmar el compromiso con la Carta de Naciones Unidas y a promover un mundo de equidad, justicia y convivencia arm\u00f3nica.<\/p>\n<\/p>\n<p>De acuerdo con China, uno de los cinco miembros permanentes del Consejo, la paz pasa por el respeto a la soberan\u00eda y la no interferencia en los asuntos internos de los estados, al margen de su tama\u00f1o, desarrollo y poder\u00edo.<\/p>\n<\/p>\n<p>Asimismo, destac\u00f3 la importancia de la soluci\u00f3n de diferencias mediante el di\u00e1logo, y de la cooperaci\u00f3n internacional como herramienta de progreso.<\/p>\n<h6> 2015-02-23 14:11:31 <\/h6>\n<p><!--\n<link rel=\"stylesheet\" href=\"css\/bootstrap.min.css\">\n\n\n<ul class=\"pagination\">\n\t    \n\t\n\n<li >\n\t<a href='?page_no=24840'>Previous<\/a>\n\t<\/li>\n\n\n       \n    \n\n<li><a href='?page_no=1'>1<\/a><\/li>\n\n\n\n<li><a href='?page_no=2'>2<\/a><\/li>\n\n\n\n<li><a>...<\/a><\/li>\n\n\n\n<li><a href='?page_no=24839'>24839<\/a><\/li>\n\n\n\n<li><a href='?page_no=24840'>24840<\/a><\/li>\n\n\n\n<li class='active'><a>24841<\/a><\/li>\n\n\n\n<li><a href='?page_no=24842'>24842<\/a><\/li>\n\n\n\n<li><a href='?page_no=24843'>24843<\/a><\/li>\n\n\n\n<li><a>...<\/a><\/li>\n\n\n\n<li><a href='?page_no=51012'>51012<\/a><\/li>\n\n\n\n<li><a href='?page_no=51013'>51013<\/a><\/li>\n\n    \n\t\n\n<li >\n\t<a href='?page_no=24842'>Next<\/a>\n\t<\/li>\n\n\n    \n\n<li><a href='?page_no=51013'>Last &rsaquo;&rsaquo;<\/a><\/li>\n\n<\/ul>\n\n\n--><br \/>\n<\/body><\/p>\n","protected":false},"excerpt":{"rendered":"<p>Naciones Unidas, 23 febrero (PL) El Consejo de Seguridad de Naciones Unidas realiza hoy un debate abierto sobre el mantenimiento de la paz internacional, foro que busca promover el respeto a los principios y prop\u00f3sitos de la Carta de la Organizaci\u00f3n. Seg\u00fan adelant\u00f3 el embajador de China aqu\u00ed, Liu Jieyi, quien preside este mes el [&hellip;]<\/p>\n","protected":false},"author":3,"featured_media":0,"comment_status":"open","ping_status":"open","sticky":false,"template":"","format":"standard","meta":{"footnotes":""},"categories":[23],"tags":[],"class_list":["post-255196","post","type-post","status-publish","format-standard","hentry","category-internacional"],"_links":{"self":[{"href":"https:\/\/diariodominicano.com\/index.php?rest_route=\/wp\/v2\/posts\/255196","targetHints":{"allow":["GET"]}}],"collection":[{"href":"https:\/\/diariodominicano.com\/index.php?rest_route=\/wp\/v2\/posts"}],"about":[{"href":"https:\/\/diariodominicano.com\/index.php?rest_route=\/wp\/v2\/types\/post"}],"author":[{"embeddable":true,"href":"https:\/\/diariodominicano.com\/index.php?rest_route=\/wp\/v2\/users\/3"}],"replies":[{"embeddable":true,"href":"https:\/\/diariodominicano.com\/index.php?rest_route=%2Fwp%2Fv2%2Fcomments&post=255196"}],"version-history":[{"count":0,"href":"https:\/\/diariodominicano.com\/index.php?rest_route=\/wp\/v2\/posts\/255196\/revisions"}],"wp:attachment":[{"href":"https:\/\/diariodominicano.com\/index.php?rest_route=%2Fwp%2Fv2%2Fmedia&parent=255196"}],"wp:term":[{"taxonomy":"category","embeddable":true,"href":"https:\/\/diariodominicano.com\/index.php?rest_route=%2Fwp%2Fv2%2Fcategories&post=255196"},{"taxonomy":"post_tag","embeddable":true,"href":"https:\/\/diariodominicano.com\/index.php?rest_route=%2Fwp%2Fv2%2Ftags&post=255196"}],"curies":[{"name":"wp","href":"https:\/\/api.w.org\/{rel}","templated":true}]}}