{"id":255195,"date":"2015-02-23T14:15:04","date_gmt":"2015-02-23T14:15:04","guid":{"rendered":"http:\/\/diariodominicano.ddns.net\/?p=255195"},"modified":"2015-02-23T14:15:04","modified_gmt":"2015-02-23T14:15:04","slug":"respeto-a-soberania-es-clave-para-la-paz-mundial-advierte-onu","status":"publish","type":"post","link":"https:\/\/diariodominicano.com\/?p=255195","title":{"rendered":"Respeto a soberan\u00eda es clave para la paz mundial, advierte ONU"},"content":{"rendered":"<p><body><\/p>\n<p><img decoding=\"async\" src=\"img3\/mo 23.jpg\" \/>  <\/p>\n<p>Naciones Unidas, 23 febrero (PL) El secretario general de Naciones Unidas, Ban Ki-moon, destac\u00f3 hoy la importancia del respeto a la igualdad soberana de los estados y la soluci\u00f3n pac\u00edfica de las controversias para preservar la paz mundial.<\/p>\n<\/p>\n<p>En un debate abierto del Consejo de Seguridad sobre el mantenimiento de la paz, el diplom\u00e1tico record\u00f3 que esos elementos forman parte de los principios y prop\u00f3sitos de la Carta de la ONU, y deben fortalecerse por la comunidad internacional.<\/p>\n<\/p>\n<p>A su juicio, la prevenci\u00f3n de conflictos y la protecci\u00f3n de los derechos humanos constituyen aspectos clave para garantizar la soberan\u00eda, al evitar la falta de gobernabilidad, las divisiones entre comunidades, los da\u00f1os econ\u00f3micos y la destrucci\u00f3n del patrimonio cultural.<\/p>\n<\/p>\n<p>Ban reconoci\u00f3 en el foro, enmarcado en el 70 aniversario de la fundaci\u00f3n de Naciones Unidas y de la derrota del fascismo, que el tema genera suspicacias, sobre todo cuando se enfoca desde la perspectiva de los derechos humanos y del papel externo en prevenir su deterioro.<\/p>\n<\/p>\n<p>\u00abUn obst\u00e1culo en el trabajo de la ONU ha sido la preocupaci\u00f3n entre estados miembros de que tales acciones puedan lesionar la soberan\u00eda nacional, cuando en realidad, son las serias violaciones de los derechos humanos las que la debilitan\u00bb, opin\u00f3.<\/p>\n<\/p>\n<p>En los \u00faltimos meses han cobrado fuerza aqu\u00ed criterios e iniciativas, como la Responsabilidad de proteger y los Derechos Humanos ante todo, que no pocos pa\u00edses del Sur ven con reserva, ante la posibilidad de que potencias b\u00e9licas manipulen esos conceptos para agredir y violar la independencia y la autodeterminaci\u00f3n de los pueblos.<\/p>\n<\/p>\n<p>El secretario general tambi\u00e9n abord\u00f3 en su intervenci\u00f3n la amenaza representada para la paz mundial por el auge del terrorismo.<\/p>\n<\/p>\n<p>Al respecto, reiter\u00f3 la necesidad de enfrentar este y otros desaf\u00edos actuales desde el apego a la Carta de la organizaci\u00f3n y a los derechos humanos.<\/p>\n<h6> 2015-02-23 14:15:04 <\/h6>\n<p><!--\n<link rel=\"stylesheet\" href=\"css\/bootstrap.min.css\">\n\n\n<ul class=\"pagination\">\n\t    \n\t\n\n<li >\n\t<a href='?page_no=24839'>Previous<\/a>\n\t<\/li>\n\n\n       \n    \n\n<li><a href='?page_no=1'>1<\/a><\/li>\n\n\n\n<li><a href='?page_no=2'>2<\/a><\/li>\n\n\n\n<li><a>...<\/a><\/li>\n\n\n\n<li><a href='?page_no=24838'>24838<\/a><\/li>\n\n\n\n<li><a href='?page_no=24839'>24839<\/a><\/li>\n\n\n\n<li class='active'><a>24840<\/a><\/li>\n\n\n\n<li><a href='?page_no=24841'>24841<\/a><\/li>\n\n\n\n<li><a href='?page_no=24842'>24842<\/a><\/li>\n\n\n\n<li><a>...<\/a><\/li>\n\n\n\n<li><a href='?page_no=51012'>51012<\/a><\/li>\n\n\n\n<li><a href='?page_no=51013'>51013<\/a><\/li>\n\n    \n\t\n\n<li >\n\t<a href='?page_no=24841'>Next<\/a>\n\t<\/li>\n\n\n    \n\n<li><a href='?page_no=51013'>Last &rsaquo;&rsaquo;<\/a><\/li>\n\n<\/ul>\n\n\n--><br \/>\n<\/body><\/p>\n","protected":false},"excerpt":{"rendered":"<p>Naciones Unidas, 23 febrero (PL) El secretario general de Naciones Unidas, Ban Ki-moon, destac\u00f3 hoy la importancia del respeto a la igualdad soberana de los estados y la soluci\u00f3n pac\u00edfica de las controversias para preservar la paz mundial. En un debate abierto del Consejo de Seguridad sobre el mantenimiento de la paz, el diplom\u00e1tico record\u00f3 [&hellip;]<\/p>\n","protected":false},"author":3,"featured_media":0,"comment_status":"open","ping_status":"open","sticky":false,"template":"","format":"standard","meta":{"footnotes":""},"categories":[23],"tags":[],"class_list":["post-255195","post","type-post","status-publish","format-standard","hentry","category-internacional"],"_links":{"self":[{"href":"https:\/\/diariodominicano.com\/index.php?rest_route=\/wp\/v2\/posts\/255195","targetHints":{"allow":["GET"]}}],"collection":[{"href":"https:\/\/diariodominicano.com\/index.php?rest_route=\/wp\/v2\/posts"}],"about":[{"href":"https:\/\/diariodominicano.com\/index.php?rest_route=\/wp\/v2\/types\/post"}],"author":[{"embeddable":true,"href":"https:\/\/diariodominicano.com\/index.php?rest_route=\/wp\/v2\/users\/3"}],"replies":[{"embeddable":true,"href":"https:\/\/diariodominicano.com\/index.php?rest_route=%2Fwp%2Fv2%2Fcomments&post=255195"}],"version-history":[{"count":0,"href":"https:\/\/diariodominicano.com\/index.php?rest_route=\/wp\/v2\/posts\/255195\/revisions"}],"wp:attachment":[{"href":"https:\/\/diariodominicano.com\/index.php?rest_route=%2Fwp%2Fv2%2Fmedia&parent=255195"}],"wp:term":[{"taxonomy":"category","embeddable":true,"href":"https:\/\/diariodominicano.com\/index.php?rest_route=%2Fwp%2Fv2%2Fcategories&post=255195"},{"taxonomy":"post_tag","embeddable":true,"href":"https:\/\/diariodominicano.com\/index.php?rest_route=%2Fwp%2Fv2%2Ftags&post=255195"}],"curies":[{"name":"wp","href":"https:\/\/api.w.org\/{rel}","templated":true}]}}