{"id":255194,"date":"2015-02-23T14:19:35","date_gmt":"2015-02-23T14:19:35","guid":{"rendered":"http:\/\/diariodominicano.ddns.net\/?p=255194"},"modified":"2015-02-23T14:19:35","modified_gmt":"2015-02-23T14:19:35","slug":"iran-prosigue-dialogo-nuclear-con-ee-uu-y-advierte-de-posible-retiro","status":"publish","type":"post","link":"https:\/\/diariodominicano.com\/?p=255194","title":{"rendered":"Ir\u00e1n prosigue di\u00e1logo nuclear con EE.UU. y advierte de posible retiro"},"content":{"rendered":"<p><body><\/p>\n<p><img decoding=\"async\" src=\"img3\/kelly 2.jpg\" \/>  <\/p>\n<p>Teher\u00e1n, 23 febrero (PL) Ir\u00e1n tuvo hoy en Ginebra otra ronda de conversaciones con Estados Unidos para avanzar en un acuerdo sobre su programa nuclear, pero advirti\u00f3 que podr\u00eda abandonar las pl\u00e1ticas si considera ignorados sus derechos en esa materia.<\/p>\n<\/p>\n<p>El ministro iran\u00ed de Relaciones Exteriores, Mohammad Javad Zarif, y el secretario norteamericano de Estado, John Kerry, encabezaron las negociaciones, que requirieron la incorporaci\u00f3n de expertos en temas pol\u00edticos y t\u00e9cnicos en un renovado intento por dirimir temas espinosos.<\/p>\n<\/p>\n<p>De acuerdo con fuentes diplom\u00e1ticas en Teher\u00e1n, prevalecen significativas discrepancias y, aunque hay voluntad mutua de sellar un pacto en el per\u00edodo definido, sobre la mesa est\u00e1 la posibilidad de que cualquiera de las partes se retire debido a los desacuerdos.<\/p>\n<\/p>\n<p>Kerry afirm\u00f3 el s\u00e1bado, previo al primer contacto con Zarif, que Washington estaba \u00ablisto para dejar las conversaciones\u00bb, si Teher\u00e1n segu\u00eda negado a aceptar los t\u00e9rminos para demostrar que no desea fabricar armas at\u00f3micas.<\/p>\n<\/p>\n<p>Por su lado, el vicecanciller Abbas Araqchi, quien conduce el di\u00e1logo a su nivel, se\u00f1al\u00f3 que la rep\u00fablica isl\u00e1mica ya ha enfrentado este tipo de ret\u00f3rica y consider\u00f3 \u00abdesafortunado que (los estadounidenses) la repitan, pese a que les ha fallado completamente\u00bb.<\/p>\n<\/p>\n<p>Araqchi asegur\u00f3 que ambas partes buscan nuevos m\u00e9todos de negociaci\u00f3n en la actual fase ginebrina mediante una f\u00f3rmula en que todos ganen, pero dej\u00f3 claro que Ir\u00e1n \u00abno duda en abandonar las conversaciones, si su contraparte trata de imponer su voluntad\u00bb.<\/p>\n<\/p>\n<p>\u00abNos mantenemos firmemente en las conversaciones, pero tan pronto sintamos que las negociaciones no aseguran nuestros intereses nacionales, con certeza las abandonaremos\u00bb, sentenci\u00f3 el viceministro encargado de Asuntos Legales e Internacionales en la canciller\u00eda iran\u00ed.<\/p>\n<\/p>\n<p>Mientras se reanudaba la segunda ronda de di\u00e1logo en Ginebra esta ma\u00f1ana con cancilleres, sus segundos y otros funcionarios, expertos t\u00e9cnicos iran\u00edes, norteamericanos y europeos conferenciaban a fin de destrabar lo relativo al enriquecimiento de uranio por parte de la rep\u00fablica isl\u00e1mica.<\/p>\n<\/p>\n<p>A su vez, el presidente Hassan Rouhani calific\u00f3 hoy de \u00abgran mentira\u00bb la afirmaci\u00f3n de que Ir\u00e1n encubre hechos acerca de sus actividades de enriquecimiento de uranio, y apunt\u00f3 que su tecnolog\u00eda del enriquecimiento sirve \u00fanicamente a prop\u00f3sitos pac\u00edficos y hallar nueva fuente de energ\u00eda.<\/p>\n<\/p>\n<p>Primero, nos dirigimos a los europeos para adquirir la tecnolog\u00eda (del enriquecimiento de uranio), si hubi\u00e9ramos querido ocultar (nuestras actividades) no hubi\u00e9ramos tocado esos temas con un pa\u00eds occidental, recalc\u00f3.<\/p>\n<\/p>\n<\/p>\n<h6> 2015-02-23 14:19:35 <\/h6>\n<p><!--\n<link rel=\"stylesheet\" href=\"css\/bootstrap.min.css\">\n\n\n<ul class=\"pagination\">\n\t    \n\t\n\n<li >\n\t<a href='?page_no=24838'>Previous<\/a>\n\t<\/li>\n\n\n       \n    \n\n<li><a href='?page_no=1'>1<\/a><\/li>\n\n\n\n<li><a href='?page_no=2'>2<\/a><\/li>\n\n\n\n<li><a>...<\/a><\/li>\n\n\n\n<li><a href='?page_no=24837'>24837<\/a><\/li>\n\n\n\n<li><a href='?page_no=24838'>24838<\/a><\/li>\n\n\n\n<li class='active'><a>24839<\/a><\/li>\n\n\n\n<li><a href='?page_no=24840'>24840<\/a><\/li>\n\n\n\n<li><a href='?page_no=24841'>24841<\/a><\/li>\n\n\n\n<li><a>...<\/a><\/li>\n\n\n\n<li><a href='?page_no=51012'>51012<\/a><\/li>\n\n\n\n<li><a href='?page_no=51013'>51013<\/a><\/li>\n\n    \n\t\n\n<li >\n\t<a href='?page_no=24840'>Next<\/a>\n\t<\/li>\n\n\n    \n\n<li><a href='?page_no=51013'>Last &rsaquo;&rsaquo;<\/a><\/li>\n\n<\/ul>\n\n\n--><br \/>\n<\/body><\/p>\n","protected":false},"excerpt":{"rendered":"<p>Teher\u00e1n, 23 febrero (PL) Ir\u00e1n tuvo hoy en Ginebra otra ronda de conversaciones con Estados Unidos para avanzar en un acuerdo sobre su programa nuclear, pero advirti\u00f3 que podr\u00eda abandonar las pl\u00e1ticas si considera ignorados sus derechos en esa materia. El ministro iran\u00ed de Relaciones Exteriores, Mohammad Javad Zarif, y el secretario norteamericano de Estado, [&hellip;]<\/p>\n","protected":false},"author":3,"featured_media":0,"comment_status":"open","ping_status":"open","sticky":false,"template":"","format":"standard","meta":{"footnotes":""},"categories":[23],"tags":[],"class_list":["post-255194","post","type-post","status-publish","format-standard","hentry","category-internacional"],"_links":{"self":[{"href":"https:\/\/diariodominicano.com\/index.php?rest_route=\/wp\/v2\/posts\/255194","targetHints":{"allow":["GET"]}}],"collection":[{"href":"https:\/\/diariodominicano.com\/index.php?rest_route=\/wp\/v2\/posts"}],"about":[{"href":"https:\/\/diariodominicano.com\/index.php?rest_route=\/wp\/v2\/types\/post"}],"author":[{"embeddable":true,"href":"https:\/\/diariodominicano.com\/index.php?rest_route=\/wp\/v2\/users\/3"}],"replies":[{"embeddable":true,"href":"https:\/\/diariodominicano.com\/index.php?rest_route=%2Fwp%2Fv2%2Fcomments&post=255194"}],"version-history":[{"count":0,"href":"https:\/\/diariodominicano.com\/index.php?rest_route=\/wp\/v2\/posts\/255194\/revisions"}],"wp:attachment":[{"href":"https:\/\/diariodominicano.com\/index.php?rest_route=%2Fwp%2Fv2%2Fmedia&parent=255194"}],"wp:term":[{"taxonomy":"category","embeddable":true,"href":"https:\/\/diariodominicano.com\/index.php?rest_route=%2Fwp%2Fv2%2Fcategories&post=255194"},{"taxonomy":"post_tag","embeddable":true,"href":"https:\/\/diariodominicano.com\/index.php?rest_route=%2Fwp%2Fv2%2Ftags&post=255194"}],"curies":[{"name":"wp","href":"https:\/\/api.w.org\/{rel}","templated":true}]}}