{"id":255193,"date":"2015-02-23T14:24:21","date_gmt":"2015-02-23T14:24:21","guid":{"rendered":"http:\/\/diariodominicano.ddns.net\/?p=255193"},"modified":"2015-02-23T14:24:21","modified_gmt":"2015-02-23T14:24:21","slug":"francia-arrecia-control-y-planea-mas-confiscaciones-de-pasaportes","status":"publish","type":"post","link":"https:\/\/diariodominicano.com\/?p=255193","title":{"rendered":"Francia arrecia control y planea m\u00e1s confiscaciones de pasaportes"},"content":{"rendered":"<p><body><\/p>\n<p>Par\u00eds, 23 febrero (PL) .- Tras confiscar hoy los pasaportes a seis franceses sospechosos de intentar unirse a grupos yihadistas en Siria o Iraq, las autoridades se disponen a adoptar similares medidas con cerca de 40 personas.<\/p>\n<\/p>\n<p>La privaci\u00f3n del documento realizada este lunes, concierne a seis j\u00f3venes de entre 23 y 25 a\u00f1os. Resulta la primera ocasi\u00f3n en que se adopta la disposici\u00f3n desde la aprobaci\u00f3n de la nueva legislaci\u00f3n para luchar contra el terrorismo que entr\u00f3 en vigor en noviembre pasado.<\/p>\n<\/p>\n<p>El ministro galo del Interior, Bernard Cazeneuve, comunic\u00f3 a medios de prensa que el gobierno planea prohibir la salida del territorio a unos 40 individuos.<\/p>\n<\/p>\n<p>La medida significa la confiscaci\u00f3n del pasaporte y el documento nacional de identidad de la persona concernida por un periodo de seis meses renovable.<\/p>\n<\/p>\n<p>Seg\u00fan Cazeneuve, se trata de una disposici\u00f3n preventiva y de protecci\u00f3n contra el terrorismo debido a las altas probabilidades de que viajaran fuera del pa\u00eds para enrolarse en las filas de grupos extremistas.<\/p>\n<\/p>\n<p>El pasado 6 de febrero entr\u00f3 en vigor en Francia el bloqueo administrativo de sitios web que hagan apolog\u00eda de terrorismo, en medio de cr\u00edticas por el irrespeto que puede llegar a significar para la libertad de expresi\u00f3n.<\/p>\n<\/p>\n<p>Por orden del Ejecutivo y sin control judicial, una autoridad administrativa tiene la potestad para demandar a los proveedores de los servicios de Internet, el bloqueo de portales que consideren promueven actos terroristas.<\/p>\n<\/p>\n<p>La disposici\u00f3n gener\u00f3 cr\u00edtica de los defensores de las libertades en el ciberespacio quienes argumentan la falta de garant\u00edas judiciales, por ser a menudo discutible si unas declaraciones constituyen apolog\u00eda del terrorismo o no.<\/p>\n<\/p>\n<p>Tambi\u00e9n opinan que podr\u00eda aumentan la probabilidad de que los dirigentes pol\u00edticos franceses vayan a\u00f1adiendo progresivamente nuevas restricciones.<\/p>\n<\/p>\n<p>El 28 de enero el Gobierno puso en l\u00ednea un sitio web con el fin de actuar contra la amenaza terrorista que, a juicio del Ejecutivo, se encuentra en su nivel m\u00e1s alto.<\/p>\n<\/p>\n<p>El sitio se compone de cuatro grandes apartados: comprender la amenaza, la acci\u00f3n del Estado, descifrar la propaganda yihadista y la movilizaci\u00f3n conjunta de toda la sociedad.<\/p>\n<\/p>\n<p>Analistas advierten sobre la posibilidad de que los atentados ocurridos en Par\u00eds a principios de enero sean utilizados para intentar justificar determinadas acciones como la intervenci\u00f3n en conflictos armados en el exterior.<\/p>\n<\/p>\n<p>Los riesgos podr\u00edan llegar hasta el punto de provocar serias violaciones de la privacidad de las personas, sobre todo cuando cada vez resulta m\u00e1s dif\u00edcil establecer los l\u00edmites entre el derecho a la informaci\u00f3n y la comunicaci\u00f3n y la necesidad de incrementar los controles con fines de seguridad nacional.<\/p>\n<\/p>\n<\/p>\n<h6> 2015-02-23 14:24:21 <\/h6>\n<p><!--\n<link rel=\"stylesheet\" href=\"css\/bootstrap.min.css\">\n\n\n<ul class=\"pagination\">\n\t    \n\t\n\n<li >\n\t<a href='?page_no=24837'>Previous<\/a>\n\t<\/li>\n\n\n       \n    \n\n<li><a href='?page_no=1'>1<\/a><\/li>\n\n\n\n<li><a href='?page_no=2'>2<\/a><\/li>\n\n\n\n<li><a>...<\/a><\/li>\n\n\n\n<li><a href='?page_no=24836'>24836<\/a><\/li>\n\n\n\n<li><a href='?page_no=24837'>24837<\/a><\/li>\n\n\n\n<li class='active'><a>24838<\/a><\/li>\n\n\n\n<li><a href='?page_no=24839'>24839<\/a><\/li>\n\n\n\n<li><a href='?page_no=24840'>24840<\/a><\/li>\n\n\n\n<li><a>...<\/a><\/li>\n\n\n\n<li><a href='?page_no=51012'>51012<\/a><\/li>\n\n\n\n<li><a href='?page_no=51013'>51013<\/a><\/li>\n\n    \n\t\n\n<li >\n\t<a href='?page_no=24839'>Next<\/a>\n\t<\/li>\n\n\n    \n\n<li><a href='?page_no=51013'>Last &rsaquo;&rsaquo;<\/a><\/li>\n\n<\/ul>\n\n\n--><br \/>\n<\/body><\/p>\n","protected":false},"excerpt":{"rendered":"<p>Par\u00eds, 23 febrero (PL) .- Tras confiscar hoy los pasaportes a seis franceses sospechosos de intentar unirse a grupos yihadistas en Siria o Iraq, las autoridades se disponen a adoptar similares medidas con cerca de 40 personas. La privaci\u00f3n del documento realizada este lunes, concierne a seis j\u00f3venes de entre 23 y 25 a\u00f1os. Resulta [&hellip;]<\/p>\n","protected":false},"author":3,"featured_media":0,"comment_status":"open","ping_status":"open","sticky":false,"template":"","format":"standard","meta":{"footnotes":""},"categories":[23],"tags":[],"class_list":["post-255193","post","type-post","status-publish","format-standard","hentry","category-internacional"],"_links":{"self":[{"href":"https:\/\/diariodominicano.com\/index.php?rest_route=\/wp\/v2\/posts\/255193","targetHints":{"allow":["GET"]}}],"collection":[{"href":"https:\/\/diariodominicano.com\/index.php?rest_route=\/wp\/v2\/posts"}],"about":[{"href":"https:\/\/diariodominicano.com\/index.php?rest_route=\/wp\/v2\/types\/post"}],"author":[{"embeddable":true,"href":"https:\/\/diariodominicano.com\/index.php?rest_route=\/wp\/v2\/users\/3"}],"replies":[{"embeddable":true,"href":"https:\/\/diariodominicano.com\/index.php?rest_route=%2Fwp%2Fv2%2Fcomments&post=255193"}],"version-history":[{"count":0,"href":"https:\/\/diariodominicano.com\/index.php?rest_route=\/wp\/v2\/posts\/255193\/revisions"}],"wp:attachment":[{"href":"https:\/\/diariodominicano.com\/index.php?rest_route=%2Fwp%2Fv2%2Fmedia&parent=255193"}],"wp:term":[{"taxonomy":"category","embeddable":true,"href":"https:\/\/diariodominicano.com\/index.php?rest_route=%2Fwp%2Fv2%2Fcategories&post=255193"},{"taxonomy":"post_tag","embeddable":true,"href":"https:\/\/diariodominicano.com\/index.php?rest_route=%2Fwp%2Fv2%2Ftags&post=255193"}],"curies":[{"name":"wp","href":"https:\/\/api.w.org\/{rel}","templated":true}]}}